{"id": 910625385523576833, "lang": "fr", "text": "RT @jyduclos: D'un oc\u00e9an \u00e0 l'autre, notre gouvernement s'engage \u00e0 aider les enfants et leur famille \u00e0 avoir le meilleur d\u00e9part possible dan\u2026", "urls": [], "user": {"id": 14260960}, "id_str": "910625385523576833", "source": "<a href=\"http://twitter.com\" rel=\"nofollow\">Twitter Web Client</a>", "deleted": false, "hashtags": [], "retrieved": "2018-06-03--02-39-07", "created_at": "Wed Sep 20 22:03:05 +0000 2017", "retweet_count": 21, "user_mentions": [{"id": 2848993491, "name": "Jean-Yves Duclos", "screen_name": "jyduclos"}], "legacy_imported": true, "retweeted_status": {"id": 910595637456064512, "lang": "fr", "text": "D'un oc\u00e9an \u00e0 l'autre, notre gouvernement s'engage \u00e0 aider les enfants et leur famille \u00e0 avoir le meilleur d\u00e9part po\u2026 https://t.co/f4OlAoswk1", "urls": [{"url": "https://t.co/f4OlAoswk1", "expanded_url": "https://twitter.com/i/web/status/910595637456064512"}], "user": {"id": 2848993491}, "id_str": "910595637456064512", "source": "<a href=\"http://twitter.com\" rel=\"nofollow\">Twitter Web Client</a>", "hashtags": [], "truncated": true, "created_at": "Wed Sep 20 20:04:52 +0000 2017", "retweet_count": 21, "user_mentions": [], "favorite_count": 73}}