{"id": 910475933731229697, "lang": "fr", "text": "Meilleurs v\u0153ux pour Navratri \u00e0 tous ceux qui c\u00e9l\u00e8brent ce joyeux festival au cours des 9 prochaines nuits ! https://t.co/mibALoOZIm", "urls": [{"url": "https://t.co/mibALoOZIm", "expanded_url": "http://pm.gc.ca/fra/nouvelles/2017/09/20/declaration-du-premier-ministre-loccasion-de-navratri"}], "user": {"id": 14260960}, "id_str": "910475933731229697", "source": "<a href=\"http://twitter.com/download/iphone\" rel=\"nofollow\">Twitter for iPhone</a>", "deleted": false, "hashtags": [], "retrieved": "2018-06-03--02-39-07", "created_at": "Wed Sep 20 12:09:13 +0000 2017", "retweet_count": 27, "user_mentions": [], "favorite_count": 202, "legacy_imported": true}