{"id": 910171706559488000, "lang": "fr", "text": "Arnold a \u00e9t\u00e9 un leader parlementaire adjoint d\u00e9vou\u00e9. Nous pleurons son d\u00e9c\u00e8s et accueillons @Chris_Bittle \u00e0 ce poste https://t.co/Fl5PxsW08l", "urls": [{"url": "https://t.co/Fl5PxsW08l", "expanded_url": "http://pm.gc.ca/fra/nouvelles/2017/09/19/premier-ministre-nomme-nouveau-leader-adjoint-du-gouvernement-la-chambre-des"}], "user": {"id": 14260960}, "id_str": "910171706559488000", "source": "<a href=\"http://twitter.com\" rel=\"nofollow\">Twitter Web Client</a>", "deleted": false, "hashtags": [], "retrieved": "2018-06-03--02-39-07", "created_at": "Tue Sep 19 16:00:19 +0000 2017", "retweet_count": 24, "user_mentions": [{"id": 417389780, "name": "Chris Bittle", "screen_name": "Chris_Bittle"}], "favorite_count": 129, "legacy_imported": true}