{"id": 910141724223246336, "lang": "fr", "text": "RT @PMcanadien: Le PM Trudeau tient un point de presse \u00e0 l'Amphith\u00e9\u00e2tre national de la presse \u00e0 Ottawa. Voyez en direct: https://t.co/CqmkX\u2026", "urls": [], "user": {"id": 14260960}, "id_str": "910141724223246336", "source": "<a href=\"http://twitter.com\" rel=\"nofollow\">Twitter Web Client</a>", "deleted": false, "hashtags": [], "retrieved": "2018-06-03--02-39-07", "created_at": "Tue Sep 19 14:01:11 +0000 2017", "retweet_count": 27, "user_mentions": [{"id": 14713836, "name": "PMcanadien", "screen_name": "PMcanadien"}], "legacy_imported": true, "retweeted_status": {"id": 910136569356529664, "lang": "fr", "text": "Le PM Trudeau tient un point de presse \u00e0 l'Amphith\u00e9\u00e2tre national de la presse \u00e0 Ottawa. Voyez en direct: https://t.co/CqmkXLqxEZ #polcan", "urls": [{"url": "https://t.co/CqmkXLqxEZ", "expanded_url": "http://ow.ly/BWe230fgBz8"}], "user": {"id": 14713836}, "id_str": "910136569356529664", "source": "<a href=\"http://www.hootsuite.com\" rel=\"nofollow\">Hootsuite</a>", "hashtags": [{"text": "polcan"}], "created_at": "Tue Sep 19 13:40:42 +0000 2017", "retweet_count": 27, "user_mentions": [], "favorite_count": 69}}