{"id": 895254409097117696, "lang": "fr", "text": "En cette Journ\u00e9e nationale des Casques bleus, merci \u00e0 ceux et celles qui \u00e9tablissent la paix dans le monde : https://t.co/Zdx25QdVoA", "urls": [{"url": "https://t.co/Zdx25QdVoA", "expanded_url": "http://pm.gc.ca/fra/nouvelles/2017/08/09/declaration-du-premier-ministre-loccasion-de-la-journee-nationale-des-casques"}], "user": {"id": 14260960}, "id_str": "895254409097117696", "source": "<a href=\"http://twitter.com/download/iphone\" rel=\"nofollow\">Twitter for iPhone</a>", "deleted": false, "hashtags": [], "retrieved": "2018-04-10--12-43-24", "created_at": "Wed Aug 09 12:04:18 +0000 2017", "retweet_count": 76, "user_mentions": [], "favorite_count": 362, "legacy_imported": true}