{"id": 893205989587111939, "lang": "fr", "text": "Nous modernisons l\u2019ALENA de concert avec tous les PM du Canada. Quelques d\u00e9tails sur notre derni\u00e8re t\u00e9l\u00e9conf\u00e9rence : https://t.co/NAb4PZWHRf", "urls": [{"url": "https://t.co/NAb4PZWHRf", "expanded_url": "http://pm.gc.ca/fra/nouvelles/2017/08/03/premier-ministre-discute-de-laccord-de-libre-echange-nord-americain-les"}], "user": {"id": 14260960}, "id_str": "893205989587111939", "source": "<a href=\"http://twitter.com\" rel=\"nofollow\">Twitter Web Client</a>", "deleted": false, "hashtags": [], "retrieved": "2018-04-10--12-43-24", "created_at": "Thu Aug 03 20:24:37 +0000 2017", "retweet_count": 57, "user_mentions": [], "favorite_count": 264, "legacy_imported": true}