{"id": 892922979780358144, "lang": "fr", "text": "Nous renfor\u00e7ons notre \u00e9quipe afin de ren\u00e9gocier l\u2019ALENA dans l\u2019int\u00e9r\u00eat de la classe moyenne et de nos \u00e9conomies :\u2026 https://t.co/nLNsliQuyS", "urls": [{"url": "https://t.co/nLNsliQuyS", "expanded_url": "https://twitter.com/i/web/status/892922979780358144"}], "user": {"id": 14260960}, "id_str": "892922979780358144", "source": "<a href=\"http://twitter.com\" rel=\"nofollow\">Twitter Web Client</a>", "deleted": false, "hashtags": [], "retrieved": "2018-04-10--12-43-24", "truncated": true, "created_at": "Thu Aug 03 01:40:02 +0000 2017", "retweet_count": 59, "user_mentions": [], "favorite_count": 262, "legacy_imported": true}