{"id": 892370915132133376, "lang": "fr", "text": "RT @AmbCanIsrael: Le ministre Goodale rend hommage lors de sa visite du M\u00e9morial de l'Holocauste @yadvashem  \u00e0 #J\u00e9rusalem https://t.co/fAo4\u2026", "urls": [], "user": {"id": 14260960}, "id_str": "892370915132133376", "source": "<a href=\"http://twitter.com\" rel=\"nofollow\">Twitter Web Client</a>", "deleted": false, "hashtags": [{"text": "J\u00e9rusalem"}], "retrieved": "2018-04-10--12-43-24", "created_at": "Tue Aug 01 13:06:20 +0000 2017", "retweet_count": 20, "user_mentions": [{"id": 2285470382, "name": "Canada en Isra\u00ebl", "screen_name": "AmbCanIsrael"}, {"id": 33189473, "name": "Yad Vashem", "screen_name": "yadvashem"}], "legacy_imported": true, "retweeted_status": {"id": 891955216903536640, "lang": "fr", "text": "Le ministre Goodale rend hommage lors de sa visite du M\u00e9morial de l'Holocauste @yadvashem  \u00e0 #J\u00e9rusalem https://t.co/fAo4sn2vrQ", "urls": [], "user": {"id": 2285470382}, "media": [{"id": 891955194434650112, "url": "https://t.co/fAo4sn2vrQ", "type": "photo", "sizes": {"large": {"h": 1536, "w": 1536, "resize": "fit"}, "small": {"h": 680, "w": 680, "resize": "fit"}, "thumb": {"h": 150, "w": 150, "resize": "crop"}, "medium": {"h": 1200, "w": 1200, "resize": "fit"}}, "media_url": "http://pbs.twimg.com/media/DGDchgfXgAAHy6m.jpg", "display_url": "pic.twitter.com/fAo4sn2vrQ", "expanded_url": "https://twitter.com/AmbCanIsrael/status/891955216903536640/photo/1", "media_url_https": "https://pbs.twimg.com/media/DGDchgfXgAAHy6m.jpg"}], "id_str": "891955216903536640", "source": "<a href=\"http://twitter.com/download/android\" rel=\"nofollow\">Twitter for Android</a>", "hashtags": [{"text": "J\u00e9rusalem"}], "created_at": "Mon Jul 31 09:34:30 +0000 2017", "retweet_count": 20, "user_mentions": [{"id": 33189473, "name": "Yad Vashem", "screen_name": "yadvashem"}], "favorite_count": 95}}