{"id": 878780267695132672, "lang": "fr", "text": "A\u00efd Moubarak! Mes meilleurs v\u0153ux aux musulmans qui c\u00e9l\u00e8brent l\u2019A\u00efd al-Fitr ce soir. https://t.co/jZx2YM1nwL", "urls": [{"url": "https://t.co/jZx2YM1nwL", "expanded_url": "http://pm.gc.ca/fra/nouvelles/2017/06/24/declaration-du-premier-ministre-loccasion-de-laid-el-fitr"}], "user": {"id": 14260960}, "id_str": "878780267695132672", "source": "<a href=\"http://twitter.com/download/iphone\" rel=\"nofollow\">Twitter for iPhone</a>", "deleted": false, "hashtags": [], "retrieved": "2018-03-13--02-34-26", "created_at": "Sun Jun 25 01:01:57 +0000 2017", "retweet_count": 838, "user_mentions": [], "favorite_count": 2152, "legacy_imported": true}