{"id": 878599667944235009, "lang": "fr", "text": "Aux Qu\u00e9b\u00e9cois, aux francophones et \u00e0 tous ceux qui c\u00e9l\u00e8brent : Bonne F\u00eate nationale du Qu\u00e9bec et bonne Saint-Jean! https://t.co/iwNl0rcx3F", "urls": [{"url": "https://t.co/iwNl0rcx3F", "expanded_url": "http://pm.gc.ca/fra/nouvelles/2017/06/24/declaration-du-premier-ministre-loccasion-de-la-fete-nationale-du-quebec-et-de"}], "user": {"id": 14260960}, "id_str": "878599667944235009", "source": "<a href=\"http://twitter.com/download/iphone\" rel=\"nofollow\">Twitter for iPhone</a>", "deleted": false, "hashtags": [], "retrieved": "2018-03-13--02-34-26", "created_at": "Sat Jun 24 13:04:19 +0000 2017", "retweet_count": 310, "user_mentions": [], "favorite_count": 794, "legacy_imported": true}