{"id": 878325816165228552, "lang": "fr", "text": "Merci pour le bel accueil \u00e0 Boischatel! Je suis heureux de c\u00e9l\u00e9brer la F\u00eate nationale et la Saint-Jean-Baptiste dan\u2026 https://t.co/e3B0p8XQ4e", "urls": [{"url": "https://t.co/e3B0p8XQ4e", "expanded_url": "https://twitter.com/i/web/status/878325816165228552"}], "user": {"id": 14260960}, "id_str": "878325816165228552", "source": "<a href=\"http://twitter.com\" rel=\"nofollow\">Twitter Web Client</a>", "deleted": false, "hashtags": [], "retrieved": "2018-03-13--02-34-26", "truncated": true, "created_at": "Fri Jun 23 18:56:07 +0000 2017", "retweet_count": 83, "user_mentions": [], "favorite_count": 428, "legacy_imported": true}