{"id": 877967942700355584, "lang": "fr", "text": "En 2017, nous avons travaill\u00e9 fort pour aider la classe moyenne, cr\u00e9er des emplois et faire cro\u00eetre l\u2019\u00e9conomie : https://t.co/O3mhfu3gnd", "urls": [{"url": "https://t.co/O3mhfu3gnd", "expanded_url": "http://pm.gc.ca/fra/nouvelles/2017/06/22/declaration-du-premier-ministre-du-canada-souligner-les-realisations-du"}], "user": {"id": 14260960}, "id_str": "877967942700355584", "source": "<a href=\"http://twitter.com\" rel=\"nofollow\">Twitter Web Client</a>", "deleted": false, "hashtags": [], "retrieved": "2018-03-13--02-34-26", "created_at": "Thu Jun 22 19:14:04 +0000 2017", "retweet_count": 74, "user_mentions": [], "favorite_count": 253, "legacy_imported": true}