{"id": 873904891420446720, "lang": "fr", "text": "Nous b\u00e9n\u00e9ficions tous du travail &amp; du d\u00e9vouement des fonctionnaires canadiens. En cette #SNFP, nous vous remercions: https://t.co/KZjiUZutFC", "urls": [{"url": "https://t.co/KZjiUZutFC", "expanded_url": "http://pm.gc.ca/fra/nouvelles/2017/06/11/declaration-du-premier-ministre-loccasion-de-la-semaine-nationale-de-la"}], "user": {"id": 14260960}, "id_str": "873904891420446720", "source": "<a href=\"http://twitter.com/download/iphone\" rel=\"nofollow\">Twitter for iPhone</a>", "deleted": false, "hashtags": [{"text": "SNFP"}], "retrieved": "2018-03-13--02-34-26", "created_at": "Sun Jun 11 14:08:57 +0000 2017", "retweet_count": 78, "user_mentions": [], "favorite_count": 296, "legacy_imported": true}