{"id": 1618043455250497537, "geo": null, "lang": "fr", "text": "Je remercie \u00e9galement l\u2019ancienne premi\u00e8re ministre, @JacindaArdern, pour son leadership constant et son pr\u00e9cieux pa\u2026 https://t.co/6wdthy1z6v", "user": {"id": 14260960, "url": "http://liberal.ca", "lang": null, "name": "Justin Trudeau", "id_str": "14260960", "location": "Papineau", "verified": true, "following": null, "protected": false, "time_zone": null, "created_at": "Sun Mar 30 21:04:14 +0000 2008", "utc_offset": null, "description": "Father, husband, @liberal_party Leader, 23rd Prime Minister of Canada. | Papa, mari, chef du @parti_liberal, 23e premier ministre du Canada.", "geo_enabled": true, "screen_name": "JustinTrudeau", "listed_count": 15579, "friends_count": 921, "is_translator": false, "notifications": null, "verified_type": "government", "statuses_count": 42886, "default_profile": false, "followers_count": 6408484, "translator_type": "none", "favourites_count": 131, "profile_image_url": "http://pbs.twimg.com/profile_images/1426938479909421056/QpI3TSNn_normal.jpg", "profile_banner_url": "https://pbs.twimg.com/profile_banners/14260960/1629043620", "profile_link_color": "B50000", "profile_text_color": "000000", "follow_request_sent": null, "contributors_enabled": false, "default_profile_image": false, "withheld_in_countries": [], "profile_background_tile": false, "profile_image_url_https": "https://pbs.twimg.com/profile_images/1426938479909421056/QpI3TSNn_normal.jpg", "profile_background_color": "DBDCDD", "profile_sidebar_fill_color": "B80B0B", "profile_background_image_url": "http://abs.twimg.com/images/themes/theme1/bg.png", "profile_sidebar_border_color": "FFFFFF", "profile_use_background_image": false, "profile_background_image_url_https": "https://abs.twimg.com/images/themes/theme1/bg.png"}, "place": null, "id_str": "1618043455250497537", "source": "<a href=\"http://twitter.com/download/iphone\" rel=\"nofollow\">Twitter for iPhone</a>", "entities": {"urls": [{"url": "https://t.co/6wdthy1z6v", "indices": [117, 140], "display_url": "twitter.com/i/web/status/1\u2026", "expanded_url": "https://twitter.com/i/web/status/1618043455250497537"}], "symbols": [], "hashtags": [], "user_mentions": [{"id": 22959763, "name": "Jacinda Ardern", "id_str": "22959763", "indices": [52, 66], "screen_name": "jacindaardern"}]}, "favorited": false, "retweeted": false, "truncated": true, "created_at": "Wed Jan 25 00:29:56 +0000 2023", "coordinates": null, "quote_count": 0, "reply_count": 0, "contributors": null, "filter_level": "low", "timestamp_ms": "1674606596182", "retweet_count": 0, "extended_tweet": {"entities": {"urls": [], "symbols": [], "hashtags": [], "user_mentions": [{"id": 22959763, "name": "Jacinda Ardern", "id_str": "22959763", "indices": [52, 66], "screen_name": "jacindaardern"}]}, "full_text": "Je remercie \u00e9galement l\u2019ancienne premi\u00e8re ministre, @JacindaArdern, pour son leadership constant et son pr\u00e9cieux partenariat au fil des ans, qui ont bien contribu\u00e9 \u00e0 resserrer les liens entre nos deux pays. Je te souhaite beaucoup de succ\u00e8s dans tes projets, mon amie.", "display_text_range": [0, 268]}, "favorite_count": 0, "is_quote_status": false, "in_reply_to_user_id": 14260960, "in_reply_to_status_id": 1618043452352245760, "in_reply_to_screen_name": "JustinTrudeau", "in_reply_to_user_id_str": "14260960", "in_reply_to_status_id_str": "1618043452352245760"}