{"id": 1572403148861440000, "geo": null, "lang": "en", "text": "With @jacindaardern, @krisjaniskarins, @EmmanuelMacron, @Sanchezcastejon, @vonderleyen, @KingAbdullahII, and leader\u2026 https://t.co/zV0rVVNjTB", "user": {"id": 14260960, "url": "https://t.co/8GPrcWoMpj", "lang": null, "name": "Justin Trudeau", "id_str": "14260960", "entities": {"url": {"urls": [{"url": "https://t.co/8GPrcWoMpj", "indices": [0, 23], "display_url": "liberal.ca", "expanded_url": "http://liberal.ca"}]}, "description": {"urls": []}}, "location": "Papineau", "verified": true, "following": true, "protected": false, "time_zone": null, "created_at": "Sun Mar 30 21:04:14 +0000 2008", "utc_offset": null, "description": "Father, husband, @liberal_party Leader, 23rd Prime Minister of Canada. | Papa, mari, chef du @parti_liberal, 23e premier ministre du Canada.", "geo_enabled": true, "screen_name": "JustinTrudeau", "listed_count": 15437, "friends_count": 937, "is_translator": false, "notifications": false, "statuses_count": 41589, "default_profile": false, "followers_count": 6285157, "translator_type": "none", "favourites_count": 119, "profile_image_url": "http://pbs.twimg.com/profile_images/1426938479909421056/QpI3TSNn_normal.jpg", "profile_banner_url": "https://pbs.twimg.com/profile_banners/14260960/1629043620", "profile_link_color": "B50000", "profile_text_color": "000000", "follow_request_sent": false, "contributors_enabled": false, "has_extended_profile": false, "default_profile_image": false, "withheld_in_countries": [], "is_translation_enabled": false, "profile_background_tile": false, "profile_image_url_https": "https://pbs.twimg.com/profile_images/1426938479909421056/QpI3TSNn_normal.jpg", "profile_background_color": "DBDCDD", "profile_sidebar_fill_color": "B80B0B", "profile_background_image_url": "http://abs.twimg.com/images/themes/theme1/bg.png", "profile_sidebar_border_color": "FFFFFF", "profile_use_background_image": false, "profile_background_image_url_https": "https://abs.twimg.com/images/themes/theme1/bg.png"}, "place": null, "id_str": "1572403148861440000", "source": "<a href=\"http://twitter.com/download/iphone\" rel=\"nofollow\">Twitter for iPhone</a>", "entities": {"urls": [{"url": "https://t.co/zV0rVVNjTB", "indices": [117, 140], "display_url": "twitter.com/i/web/status/1\u2026", "expanded_url": "https://twitter.com/i/web/status/1572403148861440000"}], "symbols": [], "hashtags": [], "user_mentions": [{"id": 22959763, "name": "Jacinda Ardern", "id_str": "22959763", "indices": [5, 19], "screen_name": "jacindaardern"}, {"id": 99914275, "name": "Kri\u0161j\u0101nis Kari\u0146\u0161", "id_str": "99914275", "indices": [21, 37], "screen_name": "krisjaniskarins"}, {"id": 1976143068, "name": "Emmanuel Macron", "id_str": "1976143068", "indices": [39, 54], "screen_name": "EmmanuelMacron"}, {"id": 68740712, "name": "Pedro S\u00e1nchez", "id_str": "68740712", "indices": [56, 72], "screen_name": "sanchezcastejon"}, {"id": 1146329871418843136, "name": "Ursula von der Leyen", "id_str": "1146329871418843136", "indices": [74, 86], "screen_name": "vonderleyen"}, {"id": 841211876776259585, "name": "\u0639\u0628\u062f\u0627\u0644\u0644\u0647 \u0628\u0646 \u0627\u0644\u062d\u0633\u064a\u0646", "id_str": "841211876776259585", "indices": [88, 103], "screen_name": "KingAbdullahII"}]}, "favorited": false, "retweeted": false, "truncated": true, "created_at": "Wed Sep 21 01:51:39 +0000 2022", "coordinates": null, "contributors": null, "retweet_count": 183, "favorite_count": 1021, "is_quote_status": false, "possibly_sensitive": false, "in_reply_to_user_id": 14260960, "in_reply_to_status_id": 1572403145996926976, "in_reply_to_screen_name": "JustinTrudeau", "in_reply_to_user_id_str": "14260960", "in_reply_to_status_id_str": "1572403145996926976"}