{"id": 1501693777546784769, "geo": null, "lang": "fr", "text": "Les Ukrainiens comptent sur une r\u00e9ponse forte et concert\u00e9e face \u00e0 l\u2019invasion du pr\u00e9sident Poutine. On doit agir ens\u2026 https://t.co/OpoWOmbjr4", "user": {"id": 14260960, "url": "http://liberal.ca", "lang": null, "name": "Justin Trudeau", "id_str": "14260960", "location": "Papineau", "verified": true, "following": null, "protected": false, "time_zone": null, "created_at": "Sun Mar 30 21:04:14 +0000 2008", "utc_offset": null, "description": "Father, husband, @liberal_party Leader, 23rd Prime Minister of Canada. | Papa, mari, chef du @parti_liberal, 23e premier ministre du Canada.", "geo_enabled": true, "screen_name": "JustinTrudeau", "listed_count": 15136, "friends_count": 940, "is_translator": false, "notifications": null, "statuses_count": 38988, "default_profile": false, "followers_count": 6020123, "translator_type": "none", "favourites_count": 117, "profile_image_url": "http://pbs.twimg.com/profile_images/1426938479909421056/QpI3TSNn_normal.jpg", "profile_banner_url": "https://pbs.twimg.com/profile_banners/14260960/1629043620", "profile_link_color": "B50000", "profile_text_color": "000000", "follow_request_sent": null, "contributors_enabled": false, "default_profile_image": false, "withheld_in_countries": [], "profile_background_tile": false, "profile_image_url_https": "https://pbs.twimg.com/profile_images/1426938479909421056/QpI3TSNn_normal.jpg", "profile_background_color": "DBDCDD", "profile_sidebar_fill_color": "B80B0B", "profile_background_image_url": "http://abs.twimg.com/images/themes/theme1/bg.png", "profile_sidebar_border_color": "FFFFFF", "profile_use_background_image": false, "profile_background_image_url_https": "https://abs.twimg.com/images/themes/theme1/bg.png"}, "place": null, "id_str": "1501693777546784769", "source": "<a href=\"https://mobile.twitter.com\" rel=\"nofollow\">Twitter Web App</a>", "entities": {"urls": [{"url": "https://t.co/OpoWOmbjr4", "indices": [117, 140], "display_url": "twitter.com/i/web/status/1\u2026", "expanded_url": "https://twitter.com/i/web/status/1501693777546784769"}], "symbols": [], "hashtags": [], "user_mentions": []}, "favorited": false, "retweeted": false, "truncated": true, "created_at": "Wed Mar 09 22:57:51 +0000 2022", "coordinates": null, "quote_count": 0, "reply_count": 0, "contributors": null, "filter_level": "low", "timestamp_ms": "1646866671345", "retweet_count": 0, "extended_tweet": {"entities": {"urls": [{"url": "https://t.co/atsFQJAIKZ", "indices": [256, 279], "display_url": "bit.ly/3KNXhET", "expanded_url": "https://bit.ly/3KNXhET"}], "symbols": [], "hashtags": [], "user_mentions": []}, "full_text": "Les Ukrainiens comptent sur une r\u00e9ponse forte et concert\u00e9e face \u00e0 l\u2019invasion du pr\u00e9sident Poutine. On doit agir ensemble, et c\u2019est ce qu\u2019on fait en Allemagne aujourd'hui. Cliquez ici pour les d\u00e9tails concernant nos progr\u00e8s et nos nouvelles mesures d\u2019aide: https://t.co/atsFQJAIKZ", "display_text_range": [0, 279]}, "favorite_count": 0, "is_quote_status": false, "possibly_sensitive": false, "in_reply_to_user_id": null, "in_reply_to_status_id": null, "in_reply_to_screen_name": null, "in_reply_to_user_id_str": null, "in_reply_to_status_id_str": null}