{"id": 1470773965383774223, "geo": null, "lang": "fr", "text": "Les premi\u00e8res doses du vaccin contre la COVID-19 ont \u00e9t\u00e9 administr\u00e9es le 14 d\u00e9cembre 2021. On a fait bien du chemin\u2026 https://t.co/WN4EduYIWx", "user": {"id": 14260960, "url": "http://liberal.ca", "lang": null, "name": "Justin Trudeau", "id_str": "14260960", "location": "Papineau", "verified": true, "following": null, "protected": false, "time_zone": null, "created_at": "Sun Mar 30 21:04:14 +0000 2008", "utc_offset": null, "description": "Father, husband, @liberal_party Leader, 23rd Prime Minister of Canada. | Papa, mari, chef du @parti_liberal, 23e premier ministre du Canada.", "geo_enabled": true, "screen_name": "JustinTrudeau", "listed_count": 14544, "friends_count": 941, "is_translator": false, "notifications": null, "statuses_count": 37768, "default_profile": false, "followers_count": 5805825, "translator_type": "none", "favourites_count": 117, "profile_image_url": "http://pbs.twimg.com/profile_images/1426938479909421056/QpI3TSNn_normal.jpg", "profile_banner_url": "https://pbs.twimg.com/profile_banners/14260960/1629043620", "profile_link_color": "B50000", "profile_text_color": "000000", "follow_request_sent": null, "contributors_enabled": false, "default_profile_image": false, "withheld_in_countries": [], "profile_background_tile": false, "profile_image_url_https": "https://pbs.twimg.com/profile_images/1426938479909421056/QpI3TSNn_normal.jpg", "profile_background_color": "DBDCDD", "profile_sidebar_fill_color": "B80B0B", "profile_background_image_url": "http://abs.twimg.com/images/themes/theme1/bg.png", "profile_sidebar_border_color": "FFFFFF", "profile_use_background_image": false, "profile_background_image_url_https": "https://abs.twimg.com/images/themes/theme1/bg.png"}, "place": null, "id_str": "1470773965383774223", "source": "<a href=\"http://twitter.com/download/iphone\" rel=\"nofollow\">Twitter for iPhone</a>", "entities": {"urls": [{"url": "https://t.co/WN4EduYIWx", "indices": [117, 140], "display_url": "twitter.com/i/web/status/1\u2026", "expanded_url": "https://twitter.com/i/web/status/1470773965383774223"}], "symbols": [], "hashtags": [], "user_mentions": []}, "favorited": false, "retweeted": false, "truncated": true, "created_at": "Tue Dec 14 15:13:33 +0000 2021", "coordinates": null, "quote_count": 0, "reply_count": 0, "contributors": null, "filter_level": "low", "timestamp_ms": "1639494813663", "retweet_count": 0, "extended_tweet": {"entities": {"urls": [], "symbols": [], "hashtags": [], "user_mentions": []}, "full_text": "Les premi\u00e8res doses du vaccin contre la COVID-19 ont \u00e9t\u00e9 administr\u00e9es le 14 d\u00e9cembre 2021. On a fait bien du chemin depuis: plus de 63 M de doses ont \u00e9t\u00e9 administr\u00e9es \u00e0 ce jour. Merci \u00e0 tous ceux qui ont contribu\u00e9 \u00e0 cette r\u00e9ussite. Si ce n\u2019est pas d\u00e9j\u00e0 fait, faites-vous vacciner.", "display_text_range": [0, 280]}, "favorite_count": 0, "is_quote_status": false, "in_reply_to_user_id": null, "in_reply_to_status_id": null, "in_reply_to_screen_name": null, "in_reply_to_user_id_str": null, "in_reply_to_status_id_str": null}