{"id": 1423094555453317120, "geo": null, "lang": "en", "text": "You were there for Canadians, and now we\u2019re here for you. Welcome to Canada. https://t.co/mMIO86mpa2", "user": {"id": 14260960, "url": "https://t.co/NJdKCDAm9d", "lang": null, "name": "Justin Trudeau", "id_str": "14260960", "entities": {"url": {"urls": [{"url": "https://t.co/NJdKCDAm9d", "indices": [0, 23], "display_url": "pm.gc.ca", "expanded_url": "https://pm.gc.ca/"}]}, "description": {"urls": []}}, "location": "Papineau", "verified": true, "following": true, "protected": false, "time_zone": null, "created_at": "Sun Mar 30 21:04:14 +0000 2008", "utc_offset": null, "description": "Father, husband, 23rd Prime Minister of Canada. Account run by PM & staff. Papa, mari, 23e premier ministre du Canada. Compte g\u00e9r\u00e9 par le PM et son personnel.", "geo_enabled": true, "screen_name": "JustinTrudeau", "listed_count": 14359, "friends_count": 941, "is_translator": false, "notifications": false, "statuses_count": 35874, "default_profile": false, "followers_count": 5696782, "translator_type": "none", "favourites_count": 119, "profile_image_url": "http://pbs.twimg.com/profile_images/1325097364542119936/opMrhjvW_normal.jpg", "profile_banner_url": "https://pbs.twimg.com/profile_banners/14260960/1604761077", "profile_link_color": "B50000", "profile_text_color": "000000", "follow_request_sent": false, "contributors_enabled": false, "has_extended_profile": false, "default_profile_image": false, "withheld_in_countries": [], "is_translation_enabled": false, "profile_background_tile": false, "profile_image_url_https": "https://pbs.twimg.com/profile_images/1325097364542119936/opMrhjvW_normal.jpg", "profile_background_color": "DBDCDD", "profile_sidebar_fill_color": "B80B0B", "profile_background_image_url": "http://abs.twimg.com/images/themes/theme1/bg.png", "profile_sidebar_border_color": "FFFFFF", "profile_use_background_image": false, "profile_background_image_url_https": "https://abs.twimg.com/images/themes/theme1/bg.png"}, "place": null, "id_str": "1423094555453317120", "source": "<a href=\"https://mobile.twitter.com\" rel=\"nofollow\">Twitter Web App</a>", "entities": {"urls": [{"url": "https://t.co/mMIO86mpa2", "indices": [77, 100], "display_url": "twitter.com/marcomendicino\u2026", "expanded_url": "https://twitter.com/marcomendicino/status/1423077394299109382"}], "symbols": [], "hashtags": [], "user_mentions": []}, "favorited": false, "retweeted": false, "truncated": false, "created_at": "Thu Aug 05 01:32:36 +0000 2021", "coordinates": null, "contributors": null, "quoted_status": {"id": 1423077394299109382, "geo": null, "lang": "en", "text": "Tonight, we welcomed the first flight carrying Afghan refugees who provided crucial support to the Canadian mission\u2026 https://t.co/0qSn55cZNR", "user": {"id": 312759403, "url": "https://t.co/PLYWR2rOrc", "lang": null, "name": "Marco Mendicino", "id_str": "312759403", "entities": {"url": {"urls": [{"url": "https://t.co/PLYWR2rOrc", "indices": [0, 23], "display_url": "marcomendicinomp.ca", "expanded_url": "http://www.marcomendicinomp.ca"}]}, "description": {"urls": []}}, "location": "Toronto", "verified": true, "following": false, "protected": false, "time_zone": null, "created_at": "Tue Jun 07 16:34:41 +0000 2011", "utc_offset": null, "description": "MP / Deput\u00e9, d\u2019Eglinton-Lawrence and Minister of Immigration, Refugees and Citizenship Canada / Ministre de l'Immigration, des R\u00e9fugi\u00e9s et de la Citoyennet\u00e9", "geo_enabled": true, "screen_name": "marcomendicino", "listed_count": 271, "friends_count": 982, "is_translator": false, "notifications": false, "statuses_count": 10822, "default_profile": false, "followers_count": 81970, "translator_type": "none", "favourites_count": 16726, "profile_image_url": "http://pbs.twimg.com/profile_images/1423423580730183682/ywWuUjCF_normal.jpg", "profile_banner_url": "https://pbs.twimg.com/profile_banners/312759403/1571169025", "profile_link_color": "DD2E44", "profile_text_color": "000000", "follow_request_sent": false, "contributors_enabled": false, "has_extended_profile": true, "default_profile_image": false, "withheld_in_countries": [], "is_translation_enabled": false, "profile_background_tile": false, "profile_image_url_https": "https://pbs.twimg.com/profile_images/1423423580730183682/ywWuUjCF_normal.jpg", "profile_background_color": "000000", "profile_sidebar_fill_color": "000000", "profile_background_image_url": "http://abs.twimg.com/images/themes/theme1/bg.png", "profile_sidebar_border_color": "000000", "profile_use_background_image": false, "profile_background_image_url_https": "https://abs.twimg.com/images/themes/theme1/bg.png"}, "place": null, "id_str": "1423077394299109382", "source": "<a href=\"https://mobile.twitter.com\" rel=\"nofollow\">Twitter Web App</a>", "entities": {"urls": [{"url": "https://t.co/0qSn55cZNR", "indices": [117, 140], "display_url": "twitter.com/i/web/status/1\u2026", "expanded_url": "https://twitter.com/i/web/status/1423077394299109382"}], "symbols": [], "hashtags": [], "user_mentions": []}, "favorited": false, "retweeted": false, "truncated": true, "created_at": "Thu Aug 05 00:24:24 +0000 2021", "coordinates": null, "contributors": null, "retweet_count": 286, "favorite_count": 1778, "is_quote_status": false, "in_reply_to_user_id": null, "in_reply_to_status_id": null, "in_reply_to_screen_name": null, "in_reply_to_user_id_str": null, "in_reply_to_status_id_str": null}, "retweet_count": 556, "favorite_count": 4584, "is_quote_status": true, "quoted_status_id": 1423077394299109382, "possibly_sensitive": false, "in_reply_to_user_id": null, "quoted_status_id_str": "1423077394299109382", "in_reply_to_status_id": null, "in_reply_to_screen_name": null, "in_reply_to_user_id_str": null, "in_reply_to_status_id_str": null}