{"id": 1412441302503931904, "geo": null, "lang": "fr", "text": "Elle a contribu\u00e9 de pr\u00e8s \u00e0 la mise en \u0153uvre de la Convention de la baie James et du Nord qu\u00e9b\u00e9cois, aux n\u00e9gociation\u2026 https://t.co/3EzI45AG8v", "user": {"id": 14260960, "url": "https://pm.gc.ca/", "lang": null, "name": "Justin Trudeau", "id_str": "14260960", "location": "Papineau", "verified": true, "following": null, "protected": false, "time_zone": null, "created_at": "Sun Mar 30 21:04:14 +0000 2008", "utc_offset": null, "description": "Father, husband, 23rd Prime Minister of Canada. Account run by PM & staff. Papa, mari, 23e premier ministre du Canada. Compte g\u00e9r\u00e9 par le PM et son personnel.", "geo_enabled": true, "screen_name": "JustinTrudeau", "listed_count": 14308, "friends_count": 941, "is_translator": false, "notifications": null, "statuses_count": 35332, "default_profile": false, "followers_count": 5669178, "translator_type": "none", "favourites_count": 118, "profile_image_url": "http://pbs.twimg.com/profile_images/1325097364542119936/opMrhjvW_normal.jpg", "profile_banner_url": "https://pbs.twimg.com/profile_banners/14260960/1604761077", "profile_link_color": "B50000", "profile_text_color": "000000", "follow_request_sent": null, "contributors_enabled": false, "default_profile_image": false, "withheld_in_countries": [], "profile_background_tile": false, "profile_image_url_https": "https://pbs.twimg.com/profile_images/1325097364542119936/opMrhjvW_normal.jpg", "profile_background_color": "DBDCDD", "profile_sidebar_fill_color": "B80B0B", "profile_background_image_url": "http://abs.twimg.com/images/themes/theme1/bg.png", "profile_sidebar_border_color": "FFFFFF", "profile_use_background_image": false, "profile_background_image_url_https": "https://abs.twimg.com/images/themes/theme1/bg.png"}, "place": null, "id_str": "1412441302503931904", "source": "<a href=\"https://mobile.twitter.com\" rel=\"nofollow\">Twitter Web App</a>", "entities": {"urls": [{"url": "https://t.co/3EzI45AG8v", "indices": [117, 140], "display_url": "twitter.com/i/web/status/1\u2026", "expanded_url": "https://twitter.com/i/web/status/1412441302503931904"}], "symbols": [], "hashtags": [], "user_mentions": []}, "favorited": false, "retweeted": false, "truncated": true, "created_at": "Tue Jul 06 16:00:23 +0000 2021", "coordinates": null, "quote_count": 0, "reply_count": 0, "contributors": null, "filter_level": "low", "timestamp_ms": "1625587223064", "retweet_count": 0, "extended_tweet": {"entities": {"urls": [], "symbols": [], "hashtags": [], "user_mentions": []}, "full_text": "Elle a contribu\u00e9 de pr\u00e8s \u00e0 la mise en \u0153uvre de la Convention de la baie James et du Nord qu\u00e9b\u00e9cois, aux n\u00e9gociations menant \u00e0 l\u2019inscription des droits ancestraux et issus de trait\u00e9s dans la Constitution canadienne et \u00e0 la cr\u00e9ation du Conseil de l\u2019Arctique.", "display_text_range": [0, 256]}, "favorite_count": 0, "is_quote_status": false, "in_reply_to_user_id": 14260960, "in_reply_to_status_id": 1412441299408633856, "in_reply_to_screen_name": "JustinTrudeau", "in_reply_to_user_id_str": "14260960", "in_reply_to_status_id_str": "1412441299408633856"}