{"id": 1412052039866126340, "geo": null, "lang": "fr", "text": "La semaine derni\u00e8re, le pensionnat de Lower Post a \u00e9t\u00e9 d\u00e9moli. La d\u00e9molition de ce lieu de terreur et de traumatism\u2026 https://t.co/9FNdcZyR6E", "user": {"id": 14260960, "url": "https://pm.gc.ca/", "lang": null, "name": "Justin Trudeau", "id_str": "14260960", "location": "Papineau", "verified": true, "following": null, "protected": false, "time_zone": null, "created_at": "Sun Mar 30 21:04:14 +0000 2008", "utc_offset": null, "description": "Father, husband, 23rd Prime Minister of Canada. Account run by PM & staff. Papa, mari, 23e premier ministre du Canada. Compte g\u00e9r\u00e9 par le PM et son personnel.", "geo_enabled": true, "screen_name": "JustinTrudeau", "listed_count": 14310, "friends_count": 942, "is_translator": false, "notifications": null, "statuses_count": 35305, "default_profile": false, "followers_count": 5669046, "translator_type": "none", "favourites_count": 118, "profile_image_url": "http://pbs.twimg.com/profile_images/1325097364542119936/opMrhjvW_normal.jpg", "profile_banner_url": "https://pbs.twimg.com/profile_banners/14260960/1604761077", "profile_link_color": "B50000", "profile_text_color": "000000", "follow_request_sent": null, "contributors_enabled": false, "default_profile_image": false, "withheld_in_countries": [], "profile_background_tile": false, "profile_image_url_https": "https://pbs.twimg.com/profile_images/1325097364542119936/opMrhjvW_normal.jpg", "profile_background_color": "DBDCDD", "profile_sidebar_fill_color": "B80B0B", "profile_background_image_url": "http://abs.twimg.com/images/themes/theme1/bg.png", "profile_sidebar_border_color": "FFFFFF", "profile_use_background_image": false, "profile_background_image_url_https": "https://abs.twimg.com/images/themes/theme1/bg.png"}, "place": null, "id_str": "1412052039866126340", "source": "<a href=\"http://twitter.com/download/iphone\" rel=\"nofollow\">Twitter for iPhone</a>", "entities": {"urls": [{"url": "https://t.co/9FNdcZyR6E", "indices": [117, 140], "display_url": "twitter.com/i/web/status/1\u2026", "expanded_url": "https://twitter.com/i/web/status/1412052039866126340"}], "symbols": [], "hashtags": [], "user_mentions": []}, "favorited": false, "retweeted": false, "truncated": true, "created_at": "Mon Jul 05 14:13:35 +0000 2021", "coordinates": null, "quote_count": 0, "reply_count": 0, "contributors": null, "filter_level": "low", "timestamp_ms": "1625494415619", "quoted_status": {"id": 1411130346939244545, "geo": null, "lang": "en", "text": "Dave Porter, Justin Trudeau and John Horgan: Lower Post residential school was a place of terror and desperate lone\u2026 https://t.co/EaI1zApRww", "user": {"id": 12089642, "url": "http://www.vancouversun.com", "lang": null, "name": "The Vancouver Sun", "id_str": "12089642", "location": "Vancouver, B.C. Canada", "verified": true, "following": null, "protected": false, "time_zone": null, "created_at": "Thu Jan 10 23:08:57 +0000 2008", "utc_offset": null, "description": "Western Canada's largest news team.  Send tips to VanTips@postmedia.com. Follow us at https://t.co/fHi5EmemPF and https://t.co/EvrBKhduh2.", "geo_enabled": true, "screen_name": "VancouverSun", "listed_count": 4058, "friends_count": 1008, "is_translator": false, "notifications": null, "statuses_count": 313003, "default_profile": false, "followers_count": 264371, "translator_type": "none", "favourites_count": 1147, "profile_image_url": "http://pbs.twimg.com/profile_images/877641324391833600/W3LepcoN_normal.jpg", "profile_banner_url": "https://pbs.twimg.com/profile_banners/12089642/1624036363", "profile_link_color": "870834", "profile_text_color": "000000", "follow_request_sent": null, "contributors_enabled": false, "default_profile_image": false, "withheld_in_countries": [], "profile_background_tile": false, "profile_image_url_https": "https://pbs.twimg.com/profile_images/877641324391833600/W3LepcoN_normal.jpg", "profile_background_color": "80153B", "profile_sidebar_fill_color": "FFFFFF", "profile_background_image_url": "http://abs.twimg.com/images/themes/theme17/bg.gif", "profile_sidebar_border_color": "000000", "profile_use_background_image": false, "profile_background_image_url_https": "https://abs.twimg.com/images/themes/theme17/bg.gif"}, "place": null, "id_str": "1411130346939244545", "source": "<a href=\"https://www.echobox.com\" rel=\"nofollow\">Echobox</a>", "entities": {"urls": [{"url": "https://t.co/EaI1zApRww", "indices": [117, 140], "display_url": "twitter.com/i/web/status/1\u2026", "expanded_url": "https://twitter.com/i/web/status/1411130346939244545"}], "symbols": [], "hashtags": [], "user_mentions": []}, "favorited": false, "retweeted": false, "truncated": true, "created_at": "Sat Jul 03 01:11:06 +0000 2021", "coordinates": null, "quote_count": 3, "reply_count": 3, "contributors": null, "filter_level": "low", "retweet_count": 6, "extended_tweet": {"entities": {"urls": [{"url": "https://t.co/rJJlHwCFVY", "indices": [122, 145], "display_url": "vancouversun.com/opinion/dave-p\u2026", "expanded_url": "https://vancouversun.com/opinion/dave-porter-justin-trudeau-and-john-horgan-lower-post-residential-school-was-a-place-of-terror-and-desperate-loneliness?utm_term=Autofeed&utm_medium=Social&utm_source=Twitter#Echobox=1625274634"}], "symbols": [], "hashtags": [], "user_mentions": []}, "full_text": "Dave Porter, Justin Trudeau and John Horgan: Lower Post residential school was a place of terror and desperate loneliness https://t.co/rJJlHwCFVY", "display_text_range": [0, 145]}, "favorite_count": 13, "is_quote_status": false, "possibly_sensitive": false, "in_reply_to_user_id": null, "in_reply_to_status_id": null, "in_reply_to_screen_name": null, "in_reply_to_user_id_str": null, "in_reply_to_status_id_str": null}, "retweet_count": 0, "extended_tweet": {"entities": {"urls": [], "symbols": [], "hashtags": [], "user_mentions": []}, "full_text": "La semaine derni\u00e8re, le pensionnat de Lower Post a \u00e9t\u00e9 d\u00e9moli. La d\u00e9molition de ce lieu de terreur et de traumatismes nous montre la promesse et les possibilit\u00e9s qu\u2019offre la r\u00e9conciliation. On va continuer de travailler avec les peuples autochtones pour favoriser cette gu\u00e9rison.", "display_text_range": [0, 279]}, "favorite_count": 0, "is_quote_status": true, "quoted_status_id": 1411130346939244545, "in_reply_to_user_id": null, "quoted_status_id_str": "1411130346939244545", "in_reply_to_status_id": null, "in_reply_to_screen_name": null, "in_reply_to_user_id_str": null, "quoted_status_permalink": {"url": "https://t.co/9WrP70o77x", "display": "twitter.com/vancouversun/s\u2026", "expanded": "https://twitter.com/vancouversun/status/1411130346939244545"}, "in_reply_to_status_id_str": null}