{"id": 1411343229035950083, "geo": null, "lang": "fr", "text": "La r\u00e9duction de la pollution et la carboneutralit\u00e9 sont des cibles ambitieuses, mais il est possible et n\u00e9cessaire\u2026 https://t.co/aXPQe9dNy9", "user": {"id": 14260960, "url": "https://pm.gc.ca/", "lang": null, "name": "Justin Trudeau", "id_str": "14260960", "location": "Papineau", "verified": true, "following": null, "protected": false, "time_zone": null, "created_at": "Sun Mar 30 21:04:14 +0000 2008", "utc_offset": null, "description": "Father, husband, 23rd Prime Minister of Canada. Account run by PM & staff. Papa, mari, 23e premier ministre du Canada. Compte g\u00e9r\u00e9 par le PM et son personnel.", "geo_enabled": true, "screen_name": "JustinTrudeau", "listed_count": 14311, "friends_count": 942, "is_translator": false, "notifications": null, "statuses_count": 35293, "default_profile": false, "followers_count": 5667645, "translator_type": "none", "favourites_count": 118, "profile_image_url": "http://pbs.twimg.com/profile_images/1325097364542119936/opMrhjvW_normal.jpg", "profile_banner_url": "https://pbs.twimg.com/profile_banners/14260960/1604761077", "profile_link_color": "B50000", "profile_text_color": "000000", "follow_request_sent": null, "contributors_enabled": false, "default_profile_image": false, "withheld_in_countries": [], "profile_background_tile": false, "profile_image_url_https": "https://pbs.twimg.com/profile_images/1325097364542119936/opMrhjvW_normal.jpg", "profile_background_color": "DBDCDD", "profile_sidebar_fill_color": "B80B0B", "profile_background_image_url": "http://abs.twimg.com/images/themes/theme1/bg.png", "profile_sidebar_border_color": "FFFFFF", "profile_use_background_image": false, "profile_background_image_url_https": "https://abs.twimg.com/images/themes/theme1/bg.png"}, "place": null, "id_str": "1411343229035950083", "source": "<a href=\"http://twitter.com/download/iphone\" rel=\"nofollow\">Twitter for iPhone</a>", "entities": {"urls": [{"url": "https://t.co/aXPQe9dNy9", "indices": [116, 139], "display_url": "twitter.com/i/web/status/1\u2026", "expanded_url": "https://twitter.com/i/web/status/1411343229035950083"}], "symbols": [], "hashtags": [], "user_mentions": []}, "favorited": false, "retweeted": false, "truncated": true, "created_at": "Sat Jul 03 15:17:01 +0000 2021", "coordinates": null, "quote_count": 0, "reply_count": 0, "contributors": null, "filter_level": "low", "timestamp_ms": "1625325421948", "quoted_status": {"id": 1410072005865582595, "geo": null, "lang": "fr", "text": "La Loi canadienne sur la responsabilit\u00e9 en mati\u00e8re de carboneutralit\u00e9 a re\u00e7u la sanction royale. Cela signifie que\u2026 https://t.co/NxfbUAhj7x", "user": {"id": 2579359027, "url": "https://jonathanwilkinson.libparl.ca", "lang": null, "name": "Jonathan Wilkinson \ud83c\udde8\ud83c\udde6", "id_str": "2579359027", "location": "North Vancouver", "verified": true, "following": null, "protected": false, "time_zone": null, "created_at": "Fri Jun 20 22:20:19 +0000 2014", "utc_offset": null, "description": "Minister of Environment & Climate Change / Ministre de l\u2019Environnement et du Changement climatique. MP for North Vancouver. Former #CleanTech CEO. Proud Dad.", "geo_enabled": true, "screen_name": "JonathanWNV", "listed_count": 295, "friends_count": 3358, "is_translator": false, "notifications": null, "statuses_count": 7781, "default_profile": false, "followers_count": 19198, "translator_type": "none", "favourites_count": 6191, "profile_image_url": "http://pbs.twimg.com/profile_images/1336650143886610432/bjW0CF3q_normal.jpg", "profile_banner_url": "https://pbs.twimg.com/profile_banners/2579359027/1607517254", "profile_link_color": "FF0000", "profile_text_color": "333333", "follow_request_sent": null, "contributors_enabled": false, "default_profile_image": false, "withheld_in_countries": [], "profile_background_tile": true, "profile_image_url_https": "https://pbs.twimg.com/profile_images/1336650143886610432/bjW0CF3q_normal.jpg", "profile_background_color": "D71920", "profile_sidebar_fill_color": "EFEFEF", "profile_background_image_url": "http://abs.twimg.com/images/themes/theme14/bg.gif", "profile_sidebar_border_color": "FFFFFF", "profile_use_background_image": true, "profile_background_image_url_https": "https://abs.twimg.com/images/themes/theme14/bg.gif"}, "place": null, "id_str": "1410072005865582595", "source": "<a href=\"https://mobile.twitter.com\" rel=\"nofollow\">Twitter Web App</a>", "entities": {"urls": [{"url": "https://t.co/NxfbUAhj7x", "indices": [116, 139], "display_url": "twitter.com/i/web/status/1\u2026", "expanded_url": "https://twitter.com/i/web/status/1410072005865582595"}], "symbols": [], "hashtags": [], "user_mentions": []}, "favorited": false, "retweeted": false, "truncated": true, "created_at": "Wed Jun 30 03:05:38 +0000 2021", "coordinates": null, "quote_count": 2, "reply_count": 1, "contributors": null, "filter_level": "low", "retweet_count": 7, "extended_tweet": {"entities": {"urls": [], "media": [{"id": 1410069375713959938, "url": "https://t.co/4wt08iZ5dz", "type": "photo", "sizes": {"large": {"h": 900, "w": 1600, "resize": "fit"}, "small": {"h": 383, "w": 680, "resize": "fit"}, "thumb": {"h": 150, "w": 150, "resize": "crop"}, "medium": {"h": 675, "w": 1200, "resize": "fit"}}, "id_str": "1410069375713959938", "indices": [281, 304], "media_url": "http://pbs.twimg.com/media/E5GSoFgWYAIQ9Ct.jpg", "display_url": "pic.twitter.com/4wt08iZ5dz", "expanded_url": "https://twitter.com/JonathanWNV/status/1410072005865582595/photo/1", "media_url_https": "https://pbs.twimg.com/media/E5GSoFgWYAIQ9Ct.jpg"}], "symbols": [], "hashtags": [{"text": "PromesseFaitePromesseTenue", "indices": [253, 280]}], "user_mentions": []}, "full_text": "La Loi canadienne sur la responsabilit\u00e9 en mati\u00e8re de carboneutralit\u00e9 a re\u00e7u la sanction royale. Cela signifie que l'atteinte de la carboneutralit\u00e9 d'ici 2050 est une loi f\u00e9d\u00e9rale. Le Canada se rapproche d'une \u00e9conomie et d'un environnement plus sains.\n#PromesseFaitePromesseTenue https://t.co/4wt08iZ5dz", "extended_entities": {"media": [{"id": 1410069375713959938, "url": "https://t.co/4wt08iZ5dz", "type": "photo", "sizes": {"large": {"h": 900, "w": 1600, "resize": "fit"}, "small": {"h": 383, "w": 680, "resize": "fit"}, "thumb": {"h": 150, "w": 150, "resize": "crop"}, "medium": {"h": 675, "w": 1200, "resize": "fit"}}, "id_str": "1410069375713959938", "indices": [281, 304], "media_url": "http://pbs.twimg.com/media/E5GSoFgWYAIQ9Ct.jpg", "display_url": "pic.twitter.com/4wt08iZ5dz", "expanded_url": "https://twitter.com/JonathanWNV/status/1410072005865582595/photo/1", "media_url_https": "https://pbs.twimg.com/media/E5GSoFgWYAIQ9Ct.jpg"}]}, "display_text_range": [0, 280]}, "favorite_count": 11, "is_quote_status": false, "display_text_range": [0, 140], "possibly_sensitive": false, "in_reply_to_user_id": null, "in_reply_to_status_id": null, "in_reply_to_screen_name": null, "in_reply_to_user_id_str": null, "in_reply_to_status_id_str": null}, "retweet_count": 0, "extended_tweet": {"entities": {"urls": [], "symbols": [], "hashtags": [], "user_mentions": []}, "full_text": "La r\u00e9duction de la pollution et la carboneutralit\u00e9 sont des cibles ambitieuses, mais il est possible et n\u00e9cessaire de les atteindre. On a d\u00e9pos\u00e9 un projet de loi l\u2019an dernier pour rendre le gouvernement responsable de ces cibles. C\u2019est d\u00e9sormais une loi, depuis mardi dernier.", "display_text_range": [0, 276]}, "favorite_count": 0, "is_quote_status": true, "quoted_status_id": 1410072005865582595, "in_reply_to_user_id": null, "quoted_status_id_str": "1410072005865582595", "in_reply_to_status_id": null, "in_reply_to_screen_name": null, "in_reply_to_user_id_str": null, "quoted_status_permalink": {"url": "https://t.co/OKvZhTjmnx", "display": "twitter.com/jonathanwnv/st\u2026", "expanded": "https://twitter.com/jonathanwnv/status/1410072005865582595"}, "in_reply_to_status_id_str": null}