{"id": 1411110952527962119, "geo": null, "lang": "fr", "text": "RT @GouvCanSante: La vaccination est un outil puissant dans notre lutte contre la #Covid19. Elle a encore plus d\u2019effets lorsque combin\u00e9e au\u2026", "user": {"id": 14260960, "url": "https://pm.gc.ca/", "lang": null, "name": "Justin Trudeau", "id_str": "14260960", "location": "Papineau", "verified": true, "following": null, "protected": false, "time_zone": null, "created_at": "Sun Mar 30 21:04:14 +0000 2008", "utc_offset": null, "description": "Father, husband, 23rd Prime Minister of Canada. Account run by PM & staff. Papa, mari, 23e premier ministre du Canada. Compte g\u00e9r\u00e9 par le PM et son personnel.", "geo_enabled": true, "screen_name": "JustinTrudeau", "listed_count": 14312, "friends_count": 942, "is_translator": false, "notifications": null, "statuses_count": 35289, "default_profile": false, "followers_count": 5666967, "translator_type": "none", "favourites_count": 118, "profile_image_url": "http://pbs.twimg.com/profile_images/1325097364542119936/opMrhjvW_normal.jpg", "profile_banner_url": "https://pbs.twimg.com/profile_banners/14260960/1604761077", "profile_link_color": "B50000", "profile_text_color": "000000", "follow_request_sent": null, "contributors_enabled": false, "default_profile_image": false, "withheld_in_countries": [], "profile_background_tile": false, "profile_image_url_https": "https://pbs.twimg.com/profile_images/1325097364542119936/opMrhjvW_normal.jpg", "profile_background_color": "DBDCDD", "profile_sidebar_fill_color": "B80B0B", "profile_background_image_url": "http://abs.twimg.com/images/themes/theme1/bg.png", "profile_sidebar_border_color": "FFFFFF", "profile_use_background_image": false, "profile_background_image_url_https": "https://abs.twimg.com/images/themes/theme1/bg.png"}, "place": null, "id_str": "1411110952527962119", "source": "<a href=\"http://twitter.com/download/iphone\" rel=\"nofollow\">Twitter for iPhone</a>", "entities": {"urls": [], "symbols": [], "hashtags": [{"text": "Covid19", "indices": [82, 90]}], "user_mentions": [{"id": 36376728, "name": "Sant\u00e9 Canada et l\u2019ASPC", "id_str": "36376728", "indices": [3, 16], "screen_name": "GouvCanSante"}]}, "favorited": false, "retweeted": false, "truncated": false, "created_at": "Fri Jul 02 23:54:02 +0000 2021", "coordinates": null, "quote_count": 0, "reply_count": 0, "contributors": null, "filter_level": "low", "timestamp_ms": "1625270042913", "retweet_count": 0, "favorite_count": 0, "is_quote_status": false, "retweeted_status": {"id": 1411022126929358856, "geo": null, "lang": "fr", "text": "La vaccination est un outil puissant dans notre lutte contre la #Covid19. Elle a encore plus d\u2019effets lorsque combi\u2026 https://t.co/AS2ya4hHya", "user": {"id": 36376728, "url": "http://canada.ca/le-coronavirus", "lang": null, "name": "Sant\u00e9 Canada et l\u2019ASPC", "id_str": "36376728", "location": "Canada", "verified": true, "following": null, "protected": false, "time_zone": null, "created_at": "Wed Apr 29 14:57:17 +0000 2009", "utc_offset": null, "description": "SC et ASPC - #covid19 - Promouvoir et prot\u00e9ger la sant\u00e9/s\u00e9curit\u00e9 des Canadien(ne)s - EN: @GovCanHealth - Avis : http://ow.ly/KkFR50DsIKK", "geo_enabled": true, "screen_name": "GouvCanSante", "listed_count": 555, "friends_count": 58, "is_translator": false, "notifications": null, "statuses_count": 19541, "default_profile": false, "followers_count": 31901, "translator_type": "none", "favourites_count": 1650, "profile_image_url": "http://pbs.twimg.com/profile_images/1387063333401071618/9iQS22yG_normal.jpg", "profile_banner_url": "https://pbs.twimg.com/profile_banners/36376728/1624371505", "profile_link_color": "000000", "profile_text_color": "003E58", "follow_request_sent": null, "contributors_enabled": false, "default_profile_image": false, "withheld_in_countries": [], "profile_background_tile": false, "profile_image_url_https": "https://pbs.twimg.com/profile_images/1387063333401071618/9iQS22yG_normal.jpg", "profile_background_color": "FFFFFF", "profile_sidebar_fill_color": "CBE7F3", "profile_background_image_url": "http://abs.twimg.com/images/themes/theme1/bg.png", "profile_sidebar_border_color": "003E58", "profile_use_background_image": true, "profile_background_image_url_https": "https://abs.twimg.com/images/themes/theme1/bg.png"}, "place": null, "id_str": "1411022126929358856", "source": "<a href=\"https://www.hootsuite.com\" rel=\"nofollow\">Hootsuite Inc.</a>", "entities": {"urls": [{"url": "https://t.co/AS2ya4hHya", "indices": [117, 140], "display_url": "twitter.com/i/web/status/1\u2026", "expanded_url": "https://twitter.com/i/web/status/1411022126929358856"}], "symbols": [], "hashtags": [{"text": "Covid19", "indices": [64, 72]}], "user_mentions": []}, "favorited": false, "retweeted": false, "truncated": true, "created_at": "Fri Jul 02 18:01:05 +0000 2021", "coordinates": null, "quote_count": 0, "reply_count": 0, "contributors": null, "filter_level": "low", "retweet_count": 6, "extended_tweet": {"entities": {"urls": [{"url": "https://t.co/bpUCPLqclJ", "indices": [232, 255], "display_url": "ow.ly/VBYW50FiPCx", "expanded_url": "http://ow.ly/VBYW50FiPCx"}], "media": [{"id": 1411022125595516942, "url": "https://t.co/bAN8TKKxrz", "type": "photo", "sizes": {"large": {"h": 675, "w": 1200, "resize": "fit"}, "small": {"h": 383, "w": 680, "resize": "fit"}, "thumb": {"h": 150, "w": 150, "resize": "crop"}, "medium": {"h": 675, "w": 1200, "resize": "fit"}}, "id_str": "1411022125595516942", "indices": [269, 292], "media_url": "http://pbs.twimg.com/media/E5T1JbZWYA4uupg.png", "display_url": "pic.twitter.com/bAN8TKKxrz", "expanded_url": "https://twitter.com/GouvCanSante/status/1411022126929358856/photo/1", "media_url_https": "https://pbs.twimg.com/media/E5T1JbZWYA4uupg.png"}], "symbols": [], "hashtags": [{"text": "Covid19", "indices": [64, 72]}, {"text": "VaccinCovid", "indices": [256, 268]}], "user_mentions": []}, "full_text": "La vaccination est un outil puissant dans notre lutte contre la #Covid19. Elle a encore plus d\u2019effets lorsque combin\u00e9e aux mesures de sant\u00e9 publique. Renseignez-vous sur comment rester prot\u00e9g\u00e9 ou prot\u00e9g\u00e9e m\u00eame apr\u00e8s la vaccination. https://t.co/bpUCPLqclJ #VaccinCovid https://t.co/bAN8TKKxrz", "extended_entities": {"media": [{"id": 1411022125595516942, "url": "https://t.co/bAN8TKKxrz", "type": "photo", "sizes": {"large": {"h": 675, "w": 1200, "resize": "fit"}, "small": {"h": 383, "w": 680, "resize": "fit"}, "thumb": {"h": 150, "w": 150, "resize": "crop"}, "medium": {"h": 675, "w": 1200, "resize": "fit"}}, "id_str": "1411022125595516942", "indices": [269, 292], "media_url": "http://pbs.twimg.com/media/E5T1JbZWYA4uupg.png", "display_url": "pic.twitter.com/bAN8TKKxrz", "expanded_url": "https://twitter.com/GouvCanSante/status/1411022126929358856/photo/1", "media_url_https": "https://pbs.twimg.com/media/E5T1JbZWYA4uupg.png"}]}, "display_text_range": [0, 268]}, "favorite_count": 3, "is_quote_status": false, "display_text_range": [0, 140], "possibly_sensitive": false, "in_reply_to_user_id": null, "in_reply_to_status_id": null, "in_reply_to_screen_name": null, "in_reply_to_user_id_str": null, "in_reply_to_status_id_str": null}, "in_reply_to_user_id": null, "in_reply_to_status_id": null, "in_reply_to_screen_name": null, "in_reply_to_user_id_str": null, "in_reply_to_status_id_str": null}