{"id": 1410400601100455939, "geo": null, "lang": "en", "text": "This is a feminist generation that needs feminist governments to stand with it. Emmanuel, let\u2019s keep working togeth\u2026 https://t.co/xz4anUKQJz", "user": {"id": 14260960, "url": "https://pm.gc.ca/", "lang": null, "name": "Justin Trudeau", "id_str": "14260960", "location": "Papineau", "verified": true, "following": null, "protected": false, "time_zone": null, "created_at": "Sun Mar 30 21:04:14 +0000 2008", "utc_offset": null, "description": "Father, husband, 23rd Prime Minister of Canada. Account run by PM & staff. Papa, mari, 23e premier ministre du Canada. Compte g\u00e9r\u00e9 par le PM et son personnel.", "geo_enabled": true, "screen_name": "JustinTrudeau", "listed_count": 14312, "friends_count": 942, "is_translator": false, "notifications": null, "statuses_count": 35263, "default_profile": false, "followers_count": 5665129, "translator_type": "none", "favourites_count": 118, "profile_image_url": "http://pbs.twimg.com/profile_images/1325097364542119936/opMrhjvW_normal.jpg", "profile_banner_url": "https://pbs.twimg.com/profile_banners/14260960/1604761077", "profile_link_color": "B50000", "profile_text_color": "000000", "follow_request_sent": null, "contributors_enabled": false, "default_profile_image": false, "withheld_in_countries": [], "profile_background_tile": false, "profile_image_url_https": "https://pbs.twimg.com/profile_images/1325097364542119936/opMrhjvW_normal.jpg", "profile_background_color": "DBDCDD", "profile_sidebar_fill_color": "B80B0B", "profile_background_image_url": "http://abs.twimg.com/images/themes/theme1/bg.png", "profile_sidebar_border_color": "FFFFFF", "profile_use_background_image": false, "profile_background_image_url_https": "https://abs.twimg.com/images/themes/theme1/bg.png"}, "place": null, "id_str": "1410400601100455939", "source": "<a href=\"http://twitter.com/download/iphone\" rel=\"nofollow\">Twitter for iPhone</a>", "entities": {"urls": [{"url": "https://t.co/xz4anUKQJz", "indices": [117, 140], "display_url": "twitter.com/i/web/status/1\u2026", "expanded_url": "https://twitter.com/i/web/status/1410400601100455939"}], "symbols": [], "hashtags": [], "user_mentions": []}, "favorited": false, "retweeted": false, "truncated": true, "created_at": "Thu Jul 01 00:51:21 +0000 2021", "coordinates": null, "quote_count": 0, "reply_count": 0, "contributors": null, "filter_level": "low", "timestamp_ms": "1625100681935", "quoted_status": {"id": 1410228554936299525, "geo": null, "lang": "en", "text": "The struggle for gender equality is far from won. It's a battle today, but tomorrow it must be a matter of fact. Le\u2026 https://t.co/LyycqWJT31", "user": {"id": 1976143068, "url": "http://www.elysee.fr", "lang": null, "name": "Emmanuel Macron", "id_str": "1976143068", "location": "France", "verified": true, "following": null, "protected": false, "time_zone": null, "created_at": "Sun Oct 20 19:35:28 +0000 2013", "utc_offset": null, "description": "Pr\u00e9sident de la R\u00e9publique fran\u00e7aise.", "geo_enabled": true, "screen_name": "EmmanuelMacron", "listed_count": 11599, "friends_count": 724, "is_translator": false, "notifications": null, "statuses_count": 10355, "default_profile": true, "followers_count": 7080309, "translator_type": "none", "favourites_count": 160, "profile_image_url": "http://pbs.twimg.com/profile_images/1308812357502668812/jSVlszOa_normal.jpg", "profile_banner_url": "https://pbs.twimg.com/profile_banners/1976143068/1622484293", "profile_link_color": "1DA1F2", "profile_text_color": "333333", "follow_request_sent": null, "contributors_enabled": false, "default_profile_image": false, "withheld_in_countries": [], "profile_background_tile": false, "profile_image_url_https": "https://pbs.twimg.com/profile_images/1308812357502668812/jSVlszOa_normal.jpg", "profile_background_color": "C0DEED", "profile_sidebar_fill_color": "DDEEF6", "profile_background_image_url": "http://abs.twimg.com/images/themes/theme1/bg.png", "profile_sidebar_border_color": "C0DEED", "profile_use_background_image": true, "profile_background_image_url_https": "https://abs.twimg.com/images/themes/theme1/bg.png"}, "place": null, "id_str": "1410228554936299525", "source": "<a href=\"https://studio.twitter.com\" rel=\"nofollow\">Twitter Media Studio</a>", "entities": {"urls": [{"url": "https://t.co/LyycqWJT31", "indices": [117, 140], "display_url": "twitter.com/i/web/status/1\u2026", "expanded_url": "https://twitter.com/i/web/status/1410228554936299525"}], "symbols": [], "hashtags": [], "user_mentions": []}, "favorited": false, "retweeted": false, "truncated": true, "created_at": "Wed Jun 30 13:27:42 +0000 2021", "coordinates": null, "quote_count": 60, "reply_count": 156, "contributors": null, "filter_level": "low", "retweet_count": 284, "extended_tweet": {"entities": {"urls": [], "media": [{"id": 1410227671087431685, "url": "https://t.co/6fkGdBQ098", "type": "video", "sizes": {"large": {"h": 720, "w": 852, "resize": "fit"}, "small": {"h": 575, "w": 680, "resize": "fit"}, "thumb": {"h": 150, "w": 150, "resize": "crop"}, "medium": {"h": 720, "w": 852, "resize": "fit"}}, "id_str": "1410227671087431685", "indices": [168, 191], "media_url": "http://pbs.twimg.com/media/E5IjJg6XEAYCUiy.jpg", "video_info": {"variants": [{"url": "https://video.twimg.com/amplify_video/1410227671087431685/vid/852x720/53cLzbzOxib5HIGT.mp4?tag=14", "bitrate": 2176000, "content_type": "video/mp4"}, {"url": "https://video.twimg.com/amplify_video/1410227671087431685/pl/Hg3FCqjbhe7OrYRy.m3u8?tag=14", "content_type": "application/x-mpegURL"}, {"url": "https://video.twimg.com/amplify_video/1410227671087431685/vid/426x360/Siu5_FZP_joqEOZB.mp4?tag=14", "bitrate": 832000, "content_type": "video/mp4"}, {"url": "https://video.twimg.com/amplify_video/1410227671087431685/vid/318x270/R8whikFOvk3_8s14.mp4?tag=14", "bitrate": 288000, "content_type": "video/mp4"}], "aspect_ratio": [71, 60], "duration_millis": 90320}, "display_url": "pic.twitter.com/6fkGdBQ098", "expanded_url": "https://twitter.com/EmmanuelMacron/status/1410228554936299525/video/1", "media_url_https": "https://pbs.twimg.com/media/E5IjJg6XEAYCUiy.jpg", "additional_media_info": {"title": "", "embeddable": true, "description": "", "monetizable": false}}], "symbols": [], "hashtags": [{"text": "GenerationEquality", "indices": [127, 146]}], "user_mentions": []}, "full_text": "The struggle for gender equality is far from won. It's a battle today, but tomorrow it must be a matter of fact. Let us be the #GenerationEquality. With all our might! https://t.co/6fkGdBQ098", "extended_entities": {"media": [{"id": 1410227671087431685, "url": "https://t.co/6fkGdBQ098", "type": "video", "sizes": {"large": {"h": 720, "w": 852, "resize": "fit"}, "small": {"h": 575, "w": 680, "resize": "fit"}, "thumb": {"h": 150, "w": 150, "resize": "crop"}, "medium": {"h": 720, "w": 852, "resize": "fit"}}, "id_str": "1410227671087431685", "indices": [168, 191], "media_url": "http://pbs.twimg.com/media/E5IjJg6XEAYCUiy.jpg", "video_info": {"variants": [{"url": "https://video.twimg.com/amplify_video/1410227671087431685/vid/852x720/53cLzbzOxib5HIGT.mp4?tag=14", "bitrate": 2176000, "content_type": "video/mp4"}, {"url": "https://video.twimg.com/amplify_video/1410227671087431685/pl/Hg3FCqjbhe7OrYRy.m3u8?tag=14", "content_type": "application/x-mpegURL"}, {"url": "https://video.twimg.com/amplify_video/1410227671087431685/vid/426x360/Siu5_FZP_joqEOZB.mp4?tag=14", "bitrate": 832000, "content_type": "video/mp4"}, {"url": "https://video.twimg.com/amplify_video/1410227671087431685/vid/318x270/R8whikFOvk3_8s14.mp4?tag=14", "bitrate": 288000, "content_type": "video/mp4"}], "aspect_ratio": [71, 60], "duration_millis": 90320}, "display_url": "pic.twitter.com/6fkGdBQ098", "expanded_url": "https://twitter.com/EmmanuelMacron/status/1410228554936299525/video/1", "media_url_https": "https://pbs.twimg.com/media/E5IjJg6XEAYCUiy.jpg", "additional_media_info": {"title": "", "embeddable": true, "description": "", "monetizable": false}}]}, "display_text_range": [0, 167]}, "favorite_count": 1084, "is_quote_status": false, "display_text_range": [0, 140], "possibly_sensitive": false, "in_reply_to_user_id": null, "in_reply_to_status_id": null, "in_reply_to_screen_name": null, "in_reply_to_user_id_str": null, "in_reply_to_status_id_str": null}, "retweet_count": 0, "extended_tweet": {"entities": {"urls": [], "symbols": [], "hashtags": [{"text": "GenerationEquality", "indices": [207, 226]}], "user_mentions": []}, "full_text": "This is a feminist generation that needs feminist governments to stand with it. Emmanuel, let\u2019s keep working together - and with women, girls, and feminist movements - to advance gender equality everywhere. #GenerationEquality", "display_text_range": [0, 226]}, "favorite_count": 0, "is_quote_status": true, "quoted_status_id": 1410228554936299525, "in_reply_to_user_id": null, "quoted_status_id_str": "1410228554936299525", "in_reply_to_status_id": null, "in_reply_to_screen_name": null, "in_reply_to_user_id_str": null, "quoted_status_permalink": {"url": "https://t.co/ArTGAtzsAA", "display": "twitter.com/emmanuelmacron\u2026", "expanded": "https://twitter.com/emmanuelmacron/status/1410228554936299525"}, "in_reply_to_status_id_str": null}