{"id": 1410256069218258947, "geo": null, "lang": "fr", "text": "J\u2019ai parl\u00e9 avec @IrwinCotler ce matin. On a discut\u00e9 du travail urgent et important qu\u2019il fait pour combattre l\u2019inqu\u2026 https://t.co/OhoqWA9sKx", "user": {"id": 14260960, "url": "https://pm.gc.ca/", "lang": null, "name": "Justin Trudeau", "id_str": "14260960", "location": "Papineau", "verified": true, "following": null, "protected": false, "time_zone": null, "created_at": "Sun Mar 30 21:04:14 +0000 2008", "utc_offset": null, "description": "Father, husband, 23rd Prime Minister of Canada. Account run by PM & staff. Papa, mari, 23e premier ministre du Canada. Compte g\u00e9r\u00e9 par le PM et son personnel.", "geo_enabled": true, "screen_name": "JustinTrudeau", "listed_count": 14316, "friends_count": 942, "is_translator": false, "notifications": null, "statuses_count": 35236, "default_profile": false, "followers_count": 5664826, "translator_type": "none", "favourites_count": 118, "profile_image_url": "http://pbs.twimg.com/profile_images/1325097364542119936/opMrhjvW_normal.jpg", "profile_banner_url": "https://pbs.twimg.com/profile_banners/14260960/1604761077", "profile_link_color": "B50000", "profile_text_color": "000000", "follow_request_sent": null, "contributors_enabled": false, "default_profile_image": false, "withheld_in_countries": [], "profile_background_tile": false, "profile_image_url_https": "https://pbs.twimg.com/profile_images/1325097364542119936/opMrhjvW_normal.jpg", "profile_background_color": "DBDCDD", "profile_sidebar_fill_color": "B80B0B", "profile_background_image_url": "http://abs.twimg.com/images/themes/theme1/bg.png", "profile_sidebar_border_color": "FFFFFF", "profile_use_background_image": false, "profile_background_image_url_https": "https://abs.twimg.com/images/themes/theme1/bg.png"}, "place": null, "id_str": "1410256069218258947", "source": "<a href=\"http://twitter.com/download/iphone\" rel=\"nofollow\">Twitter for iPhone</a>", "entities": {"urls": [{"url": "https://t.co/OhoqWA9sKx", "indices": [117, 140], "display_url": "twitter.com/i/web/status/1\u2026", "expanded_url": "https://twitter.com/i/web/status/1410256069218258947"}], "symbols": [], "hashtags": [], "user_mentions": [{"id": 1241724194, "name": "Irwin Cotler", "id_str": "1241724194", "indices": [16, 28], "screen_name": "IrwinCotler"}]}, "favorited": false, "retweeted": false, "truncated": true, "created_at": "Wed Jun 30 15:17:02 +0000 2021", "coordinates": null, "quote_count": 0, "reply_count": 0, "contributors": null, "filter_level": "low", "timestamp_ms": "1625066222849", "retweet_count": 0, "extended_tweet": {"entities": {"urls": [], "symbols": [], "hashtags": [], "user_mentions": [{"id": 1241724194, "name": "Irwin Cotler", "id_str": "1241724194", "indices": [16, 28], "screen_name": "IrwinCotler"}]}, "full_text": "J\u2019ai parl\u00e9 avec @IrwinCotler ce matin. On a discut\u00e9 du travail urgent et important qu\u2019il fait pour combattre l\u2019inqui\u00e9tante mont\u00e9e d\u2019antis\u00e9mitisme ici et \u00e0 l\u2019\u00e9tranger. Notre gouvernement reste d\u00e9termin\u00e9 \u00e0 contrer cette haine peu importe o\u00f9 et quand elle se manifeste.", "display_text_range": [0, 266]}, "favorite_count": 0, "is_quote_status": false, "in_reply_to_user_id": null, "in_reply_to_status_id": null, "in_reply_to_screen_name": null, "in_reply_to_user_id_str": null, "in_reply_to_status_id_str": null}