{"id": 1409265814147055619, "geo": null, "lang": "fr", "text": "RT @ACSP_Canada: En cette #Journ\u00e9eCanadienneDuMulticulturalisme et tous les jours, c\u00e9l\u00e9brons la diversit\u00e9 culturelle qui nous unit. Le @Gou\u2026", "user": {"id": 14260960, "url": "https://pm.gc.ca/", "lang": null, "name": "Justin Trudeau", "id_str": "14260960", "location": "Papineau", "verified": true, "following": null, "protected": false, "time_zone": null, "created_at": "Sun Mar 30 21:04:14 +0000 2008", "utc_offset": null, "description": "Father, husband, 23rd Prime Minister of Canada. Account run by PM & staff. Papa, mari, 23e premier ministre du Canada. Compte g\u00e9r\u00e9 par le PM et son personnel.", "geo_enabled": true, "screen_name": "JustinTrudeau", "listed_count": 14307, "friends_count": 942, "is_translator": false, "notifications": null, "statuses_count": 35197, "default_profile": false, "followers_count": 5660629, "translator_type": "none", "favourites_count": 117, "profile_image_url": "http://pbs.twimg.com/profile_images/1325097364542119936/opMrhjvW_normal.jpg", "profile_banner_url": "https://pbs.twimg.com/profile_banners/14260960/1604761077", "profile_link_color": "B50000", "profile_text_color": "000000", "follow_request_sent": null, "contributors_enabled": false, "default_profile_image": false, "withheld_in_countries": [], "profile_background_tile": false, "profile_image_url_https": "https://pbs.twimg.com/profile_images/1325097364542119936/opMrhjvW_normal.jpg", "profile_background_color": "DBDCDD", "profile_sidebar_fill_color": "B80B0B", "profile_background_image_url": "http://abs.twimg.com/images/themes/theme1/bg.png", "profile_sidebar_border_color": "FFFFFF", "profile_use_background_image": false, "profile_background_image_url_https": "https://abs.twimg.com/images/themes/theme1/bg.png"}, "place": null, "id_str": "1409265814147055619", "source": "<a href=\"http://twitter.com/download/iphone\" rel=\"nofollow\">Twitter for iPhone</a>", "entities": {"urls": [], "symbols": [], "hashtags": [{"text": "Journ\u00e9eCanadienneDuMulticulturalisme", "indices": [26, 63]}], "user_mentions": [{"id": 2314113792, "name": "Dre Theresa Tam", "id_str": "2314113792", "indices": [3, 15], "screen_name": "ACSP_Canada"}]}, "favorited": false, "retweeted": false, "truncated": false, "created_at": "Sun Jun 27 21:42:07 +0000 2021", "coordinates": null, "quote_count": 0, "reply_count": 0, "contributors": null, "filter_level": "low", "timestamp_ms": "1624830127642", "retweet_count": 0, "favorite_count": 0, "is_quote_status": false, "retweeted_status": {"id": 1409210005820260355, "geo": null, "lang": "fr", "text": "En cette #Journ\u00e9eCanadienneDuMulticulturalisme et tous les jours, c\u00e9l\u00e9brons la diversit\u00e9 culturelle qui nous unit.\u2026 https://t.co/wsvjoyOuvc", "user": {"id": 2314113792, "url": "http://canada.ca/sante-publique", "lang": null, "name": "Dre Theresa Tam", "id_str": "2314113792", "location": "Canada", "verified": true, "following": null, "protected": false, "time_zone": null, "created_at": "Mon Jan 27 18:45:13 +0000 2014", "utc_offset": null, "description": "\ud83c\udde8\ud83c\udde6 L'administratrice en chef de la sant\u00e9 publique du Canada vise \u00e0 promouvoir et \u00e0 prot\u00e9ger la sant\u00e9 des Canadiens. EN: @CPHO_Canada", "geo_enabled": true, "screen_name": "ACSP_Canada", "listed_count": 87, "friends_count": 90, "is_translator": false, "notifications": null, "statuses_count": 9018, "default_profile": false, "followers_count": 7362, "translator_type": "none", "favourites_count": 152, "profile_image_url": "http://pbs.twimg.com/profile_images/1382333921732464641/zK-OJJwP_normal.png", "profile_banner_url": "https://pbs.twimg.com/profile_banners/2314113792/1608307454", "profile_link_color": "0084B4", "profile_text_color": "333333", "follow_request_sent": null, "contributors_enabled": false, "default_profile_image": false, "withheld_in_countries": [], "profile_background_tile": false, "profile_image_url_https": "https://pbs.twimg.com/profile_images/1382333921732464641/zK-OJJwP_normal.png", "profile_background_color": "C0DEED", "profile_sidebar_fill_color": "DDEEF6", "profile_background_image_url": "http://abs.twimg.com/images/themes/theme1/bg.png", "profile_sidebar_border_color": "FFFFFF", "profile_use_background_image": true, "profile_background_image_url_https": "https://abs.twimg.com/images/themes/theme1/bg.png"}, "place": null, "id_str": "1409210005820260355", "source": "<a href=\"https://www.hootsuite.com\" rel=\"nofollow\">Hootsuite Inc.</a>", "entities": {"urls": [{"url": "https://t.co/wsvjoyOuvc", "indices": [116, 139], "display_url": "twitter.com/i/web/status/1\u2026", "expanded_url": "https://twitter.com/i/web/status/1409210005820260355"}], "symbols": [], "hashtags": [{"text": "Journ\u00e9eCanadienneDuMulticulturalisme", "indices": [9, 46]}], "user_mentions": []}, "favorited": false, "retweeted": false, "truncated": true, "created_at": "Sun Jun 27 18:00:21 +0000 2021", "coordinates": null, "quote_count": 0, "reply_count": 0, "contributors": null, "filter_level": "low", "retweet_count": 6, "extended_tweet": {"entities": {"urls": [{"url": "https://t.co/1h87DK4tZT", "indices": [216, 239], "display_url": "canada.ca/fr/sante-publi\u2026", "expanded_url": "https://www.canada.ca/fr/sante-publique/services/maladies/2019-nouveau-coronavirus/ressources-sensibilisation.html"}], "media": [{"id": 1409210004536807427, "url": "https://t.co/KPAQWAhk9Y", "type": "photo", "sizes": {"large": {"h": 675, "w": 1200, "resize": "fit"}, "small": {"h": 383, "w": 680, "resize": "fit"}, "thumb": {"h": 150, "w": 150, "resize": "crop"}, "medium": {"h": 675, "w": 1200, "resize": "fit"}}, "id_str": "1409210004536807427", "indices": [254, 277], "media_url": "http://pbs.twimg.com/media/E46FCGZX0AMxcoU.jpg", "display_url": "pic.twitter.com/KPAQWAhk9Y", "expanded_url": "https://twitter.com/ACSP_Canada/status/1409210005820260355/photo/1", "media_url_https": "https://pbs.twimg.com/media/E46FCGZX0AMxcoU.jpg"}], "symbols": [], "hashtags": [{"text": "Journ\u00e9eCanadienneDuMulticulturalisme", "indices": [9, 46]}, {"text": "VaccinsCOVID19", "indices": [175, 190]}, {"text": "Journ\u00e9eMulti", "indices": [240, 253]}], "user_mentions": [{"id": 36376728, "name": "Sant\u00e9 Canada et l\u2019ASPC", "id_str": "36376728", "indices": [118, 131], "screen_name": "GouvCanSante"}]}, "full_text": "En cette #Journ\u00e9eCanadienneDuMulticulturalisme et tous les jours, c\u00e9l\u00e9brons la diversit\u00e9 culturelle qui nous unit. Le @GouvCanSante dispose de ressources multilingues sur les #VaccinsCOVID19 dans jusqu\u2019\u00e0 15 langues. https://t.co/1h87DK4tZT #Journ\u00e9eMulti https://t.co/KPAQWAhk9Y", "extended_entities": {"media": [{"id": 1409210004536807427, "url": "https://t.co/KPAQWAhk9Y", "type": "photo", "sizes": {"large": {"h": 675, "w": 1200, "resize": "fit"}, "small": {"h": 383, "w": 680, "resize": "fit"}, "thumb": {"h": 150, "w": 150, "resize": "crop"}, "medium": {"h": 675, "w": 1200, "resize": "fit"}}, "id_str": "1409210004536807427", "indices": [254, 277], "media_url": "http://pbs.twimg.com/media/E46FCGZX0AMxcoU.jpg", "display_url": "pic.twitter.com/KPAQWAhk9Y", "expanded_url": "https://twitter.com/ACSP_Canada/status/1409210005820260355/photo/1", "media_url_https": "https://pbs.twimg.com/media/E46FCGZX0AMxcoU.jpg"}]}, "display_text_range": [0, 253]}, "favorite_count": 6, "is_quote_status": false, "display_text_range": [0, 140], "possibly_sensitive": false, "in_reply_to_user_id": null, "in_reply_to_status_id": null, "in_reply_to_screen_name": null, "in_reply_to_user_id_str": null, "in_reply_to_status_id_str": null}, "in_reply_to_user_id": null, "in_reply_to_status_id": null, "in_reply_to_screen_name": null, "in_reply_to_user_id_str": null, "in_reply_to_status_id_str": null}