{"id": 1409135479644110851, "geo": null, "lang": "fr", "text": "L\u2019engagement du Canada envers le multiculturalisme est un mod\u00e8le dans le monde, mais notre pays n\u2019a pas toujours \u00e9t\u2026 https://t.co/r1xKWgPWD8", "user": {"id": 14260960, "url": "https://pm.gc.ca/", "lang": null, "name": "Justin Trudeau", "id_str": "14260960", "location": "Papineau", "verified": true, "following": null, "protected": false, "time_zone": null, "created_at": "Sun Mar 30 21:04:14 +0000 2008", "utc_offset": null, "description": "Father, husband, 23rd Prime Minister of Canada. Account run by PM & staff. Papa, mari, 23e premier ministre du Canada. Compte g\u00e9r\u00e9 par le PM et son personnel.", "geo_enabled": true, "screen_name": "JustinTrudeau", "listed_count": 14309, "friends_count": 942, "is_translator": false, "notifications": null, "statuses_count": 35187, "default_profile": false, "followers_count": 5660356, "translator_type": "none", "favourites_count": 117, "profile_image_url": "http://pbs.twimg.com/profile_images/1325097364542119936/opMrhjvW_normal.jpg", "profile_banner_url": "https://pbs.twimg.com/profile_banners/14260960/1604761077", "profile_link_color": "B50000", "profile_text_color": "000000", "follow_request_sent": null, "contributors_enabled": false, "default_profile_image": false, "withheld_in_countries": [], "profile_background_tile": false, "profile_image_url_https": "https://pbs.twimg.com/profile_images/1325097364542119936/opMrhjvW_normal.jpg", "profile_background_color": "DBDCDD", "profile_sidebar_fill_color": "B80B0B", "profile_background_image_url": "http://abs.twimg.com/images/themes/theme1/bg.png", "profile_sidebar_border_color": "FFFFFF", "profile_use_background_image": false, "profile_background_image_url_https": "https://abs.twimg.com/images/themes/theme1/bg.png"}, "place": null, "id_str": "1409135479644110851", "source": "<a href=\"http://twitter.com/download/iphone\" rel=\"nofollow\">Twitter for iPhone</a>", "entities": {"urls": [{"url": "https://t.co/r1xKWgPWD8", "indices": [117, 140], "display_url": "twitter.com/i/web/status/1\u2026", "expanded_url": "https://twitter.com/i/web/status/1409135479644110851"}], "symbols": [], "hashtags": [], "user_mentions": []}, "favorited": false, "retweeted": false, "truncated": true, "created_at": "Sun Jun 27 13:04:13 +0000 2021", "coordinates": null, "quote_count": 0, "reply_count": 0, "contributors": null, "filter_level": "low", "timestamp_ms": "1624799053475", "retweet_count": 0, "extended_tweet": {"entities": {"urls": [{"url": "https://t.co/Y5Dle5GnEs", "indices": [247, 270], "display_url": "bit.ly/3hdYuI8", "expanded_url": "https://bit.ly/3hdYuI8"}], "symbols": [], "hashtags": [], "user_mentions": []}, "full_text": "L\u2019engagement du Canada envers le multiculturalisme est un mod\u00e8le dans le monde, mais notre pays n\u2019a pas toujours \u00e9t\u00e9 \u00e0 la hauteur. En cette Journ\u00e9e canadienne du multiculturalisme, renouvelons notre promesse de b\u00e2tir un meilleur avenir pour tous. https://t.co/Y5Dle5GnEs", "display_text_range": [0, 270]}, "favorite_count": 0, "is_quote_status": false, "possibly_sensitive": false, "in_reply_to_user_id": null, "in_reply_to_status_id": null, "in_reply_to_screen_name": null, "in_reply_to_user_id_str": null, "in_reply_to_status_id_str": null}