{"id": 1408590256182542343, "geo": null, "lang": "fr", "text": "J\u2019ai \u00e9t\u00e9 boulevers\u00e9 d\u2019entendre les nouvelles en provenance de Surfside, en Floride. \u00c0 ceux qui ont perdu un proche,\u2026 https://t.co/HKwyAI3Az0", "user": {"id": 14260960, "url": "https://pm.gc.ca/", "lang": null, "name": "Justin Trudeau", "id_str": "14260960", "location": "Papineau", "verified": true, "following": null, "protected": false, "time_zone": null, "created_at": "Sun Mar 30 21:04:14 +0000 2008", "utc_offset": null, "description": "Father, husband, 23rd Prime Minister of Canada. Account run by PM & staff. Papa, mari, 23e premier ministre du Canada. Compte g\u00e9r\u00e9 par le PM et son personnel.", "geo_enabled": true, "screen_name": "JustinTrudeau", "listed_count": 14308, "friends_count": 942, "is_translator": false, "notifications": null, "statuses_count": 35185, "default_profile": false, "followers_count": 5659195, "translator_type": "none", "favourites_count": 117, "profile_image_url": "http://pbs.twimg.com/profile_images/1325097364542119936/opMrhjvW_normal.jpg", "profile_banner_url": "https://pbs.twimg.com/profile_banners/14260960/1604761077", "profile_link_color": "B50000", "profile_text_color": "000000", "follow_request_sent": null, "contributors_enabled": false, "default_profile_image": false, "withheld_in_countries": [], "profile_background_tile": false, "profile_image_url_https": "https://pbs.twimg.com/profile_images/1325097364542119936/opMrhjvW_normal.jpg", "profile_background_color": "DBDCDD", "profile_sidebar_fill_color": "B80B0B", "profile_background_image_url": "http://abs.twimg.com/images/themes/theme1/bg.png", "profile_sidebar_border_color": "FFFFFF", "profile_use_background_image": false, "profile_background_image_url_https": "https://abs.twimg.com/images/themes/theme1/bg.png"}, "place": null, "id_str": "1408590256182542343", "source": "<a href=\"http://twitter.com/download/iphone\" rel=\"nofollow\">Twitter for iPhone</a>", "entities": {"urls": [{"url": "https://t.co/HKwyAI3Az0", "indices": [117, 140], "display_url": "twitter.com/i/web/status/1\u2026", "expanded_url": "https://twitter.com/i/web/status/1408590256182542343"}], "symbols": [], "hashtags": [], "user_mentions": []}, "favorited": false, "retweeted": false, "truncated": true, "created_at": "Sat Jun 26 00:57:42 +0000 2021", "coordinates": null, "quote_count": 0, "reply_count": 0, "contributors": null, "filter_level": "low", "timestamp_ms": "1624669062072", "quoted_status": {"id": 1408588264026615812, "geo": null, "lang": "fr", "text": "Ns sommes de tout c\u0153ur avec les personnes touch\u00e9es par l\u2019effondrement de l\u2019immeuble \u00e0 Surfside, FL. Les autorit\u00e9s\u2026 https://t.co/rwIhCZdVDG", "user": {"id": 80702644, "url": null, "lang": null, "name": "Marc Garneau", "id_str": "80702644", "location": "Montr\u00e9al, Qu\u00e9bec", "verified": true, "following": null, "protected": false, "time_zone": null, "created_at": "Wed Oct 07 23:03:26 +0000 2009", "utc_offset": null, "description": "\ud83c\udde8\ud83c\udde6 Ministre canadien des Affaires \u00e9trang\u00e8res | Canada's Minister of Foreign Affairs \ud83c\udde8\ud83c\udde6 D\u00e9put\u00e9 f\u00e9d\u00e9ral de Notre-Dame-de-Gr\u00e2ce\u2014Westmount, Qu\u00e9bec.", "geo_enabled": true, "screen_name": "MarcGarneau", "listed_count": 974, "friends_count": 5214, "is_translator": false, "notifications": null, "statuses_count": 16560, "default_profile": false, "followers_count": 67575, "translator_type": "none", "favourites_count": 813, "profile_image_url": "http://pbs.twimg.com/profile_images/1201533275174559745/mXUCqcsK_normal.jpg", "profile_banner_url": "https://pbs.twimg.com/profile_banners/80702644/1575237395", "profile_link_color": "0084B4", "profile_text_color": "333333", "follow_request_sent": null, "contributors_enabled": false, "default_profile_image": false, "withheld_in_countries": [], "profile_background_tile": false, "profile_image_url_https": "https://pbs.twimg.com/profile_images/1201533275174559745/mXUCqcsK_normal.jpg", "profile_background_color": "C0DEED", "profile_sidebar_fill_color": "DDEEF6", "profile_background_image_url": "http://abs.twimg.com/images/themes/theme1/bg.png", "profile_sidebar_border_color": "FFFFFF", "profile_use_background_image": false, "profile_background_image_url_https": "https://abs.twimg.com/images/themes/theme1/bg.png"}, "place": null, "id_str": "1408588264026615812", "source": "<a href=\"https://mobile.twitter.com\" rel=\"nofollow\">Twitter Web App</a>", "entities": {"urls": [{"url": "https://t.co/rwIhCZdVDG", "indices": [115, 138], "display_url": "twitter.com/i/web/status/1\u2026", "expanded_url": "https://twitter.com/i/web/status/1408588264026615812"}], "symbols": [], "hashtags": [], "user_mentions": []}, "favorited": false, "retweeted": false, "truncated": true, "created_at": "Sat Jun 26 00:49:47 +0000 2021", "coordinates": null, "quote_count": 0, "reply_count": 0, "contributors": null, "filter_level": "low", "retweet_count": 1, "extended_tweet": {"entities": {"urls": [], "symbols": [], "hashtags": [], "user_mentions": []}, "full_text": "Ns sommes de tout c\u0153ur avec les personnes touch\u00e9es par l\u2019effondrement de l\u2019immeuble \u00e0 Surfside, FL. Les autorit\u00e9s \ud83c\udde8\ud83c\udde6 sont en communication avec les familles affect\u00e9es &amp; nous sommes pr\u00eats \u00e0 \u00e9pauler les \ud83c\udde8\ud83c\udde6 qui ont besoin d\u2019aide. Nous sommes reconnaissants des efforts sur le terrain", "display_text_range": [0, 284]}, "favorite_count": 6, "is_quote_status": false, "in_reply_to_user_id": null, "in_reply_to_status_id": null, "in_reply_to_screen_name": null, "in_reply_to_user_id_str": null, "in_reply_to_status_id_str": null}, "retweet_count": 0, "extended_tweet": {"entities": {"urls": [], "symbols": [], "hashtags": [], "user_mentions": []}, "full_text": "J\u2019ai \u00e9t\u00e9 boulevers\u00e9 d\u2019entendre les nouvelles en provenance de Surfside, en Floride. \u00c0 ceux qui ont perdu un proche, \u00e0 ceux qui ont \u00e9t\u00e9 bless\u00e9s et \u00e0 ceux qui attendent des nouvelles de quelqu\u2019un qui manque \u00e0 l\u2019appel : sachez\u00a0qu\u2019on pense \u00e0 vous et que les Canadiens sont avec vous.", "display_text_range": [0, 279]}, "favorite_count": 0, "is_quote_status": true, "quoted_status_id": 1408588264026615812, "in_reply_to_user_id": null, "quoted_status_id_str": "1408588264026615812", "in_reply_to_status_id": null, "in_reply_to_screen_name": null, "in_reply_to_user_id_str": null, "quoted_status_permalink": {"url": "https://t.co/7yozr0g36n", "display": "twitter.com/marcgarneau/st\u2026", "expanded": "https://twitter.com/marcgarneau/status/1408588264026615812"}, "in_reply_to_status_id_str": null}