{"id": 1408578837374550018, "geo": null, "lang": "fr", "text": "On travaille avec des d\u00e9fenseurs de droits de partout au pays pour que les Canadiens handicap\u00e9s aient du soutien. A\u2026 https://t.co/zG7zM8fJJK", "user": {"id": 14260960, "url": "https://pm.gc.ca/", "lang": null, "name": "Justin Trudeau", "id_str": "14260960", "location": "Papineau", "verified": true, "following": null, "protected": false, "time_zone": null, "created_at": "Sun Mar 30 21:04:14 +0000 2008", "utc_offset": null, "description": "Father, husband, 23rd Prime Minister of Canada. Account run by PM & staff. Papa, mari, 23e premier ministre du Canada. Compte g\u00e9r\u00e9 par le PM et son personnel.", "geo_enabled": true, "screen_name": "JustinTrudeau", "listed_count": 14308, "friends_count": 942, "is_translator": false, "notifications": null, "statuses_count": 35181, "default_profile": false, "followers_count": 5659189, "translator_type": "none", "favourites_count": 117, "profile_image_url": "http://pbs.twimg.com/profile_images/1325097364542119936/opMrhjvW_normal.jpg", "profile_banner_url": "https://pbs.twimg.com/profile_banners/14260960/1604761077", "profile_link_color": "B50000", "profile_text_color": "000000", "follow_request_sent": null, "contributors_enabled": false, "default_profile_image": false, "withheld_in_countries": [], "profile_background_tile": false, "profile_image_url_https": "https://pbs.twimg.com/profile_images/1325097364542119936/opMrhjvW_normal.jpg", "profile_background_color": "DBDCDD", "profile_sidebar_fill_color": "B80B0B", "profile_background_image_url": "http://abs.twimg.com/images/themes/theme1/bg.png", "profile_sidebar_border_color": "FFFFFF", "profile_use_background_image": false, "profile_background_image_url_https": "https://abs.twimg.com/images/themes/theme1/bg.png"}, "place": null, "id_str": "1408578837374550018", "source": "<a href=\"http://twitter.com/download/iphone\" rel=\"nofollow\">Twitter for iPhone</a>", "entities": {"urls": [{"url": "https://t.co/zG7zM8fJJK", "indices": [117, 140], "display_url": "twitter.com/i/web/status/1\u2026", "expanded_url": "https://twitter.com/i/web/status/1408578837374550018"}], "symbols": [], "hashtags": [], "user_mentions": []}, "favorited": false, "retweeted": false, "truncated": true, "created_at": "Sat Jun 26 00:12:19 +0000 2021", "coordinates": null, "quote_count": 0, "reply_count": 0, "contributors": null, "filter_level": "low", "timestamp_ms": "1624666339616", "retweet_count": 0, "extended_tweet": {"entities": {"urls": [], "media": [{"id": 1408578831393472517, "url": "https://t.co/y2gx4RCFhA", "type": "photo", "sizes": {"large": {"h": 625, "w": 1110, "resize": "fit"}, "small": {"h": 383, "w": 680, "resize": "fit"}, "thumb": {"h": 150, "w": 150, "resize": "crop"}, "medium": {"h": 625, "w": 1110, "resize": "fit"}}, "id_str": "1408578831393472517", "indices": [280, 303], "media_url": "http://pbs.twimg.com/media/E4xG-_NXwAUJt-M.jpg", "description": "Saisie d\u2019\u00e9cran montrant le premier ministre Trudeau, la ministre Qualtrough et des intervenants de partout au Canada qui participent \u00e0 une r\u00e9union virtuelle.", "display_url": "pic.twitter.com/y2gx4RCFhA", "expanded_url": "https://twitter.com/JustinTrudeau/status/1408578837374550018/photo/1", "media_url_https": "https://pbs.twimg.com/media/E4xG-_NXwAUJt-M.jpg"}], "symbols": [], "hashtags": [], "user_mentions": [{"id": 2852899113, "name": "Carla Qualtrough", "id_str": "2852899113", "indices": [127, 136], "screen_name": "CQualtro"}]}, "full_text": "On travaille avec des d\u00e9fenseurs de droits de partout au pays pour que les Canadiens handicap\u00e9s aient du soutien. Aujourd\u2019hui, @CQualtro et moi en avons parl\u00e9 avec des intervenants ainsi que de la Prestation pour les personnes handicap\u00e9es. Merci \u00e0 ceux qui \u00e9taient l\u00e0 \u00e0 distance. https://t.co/y2gx4RCFhA", "extended_entities": {"media": [{"id": 1408578831393472517, "url": "https://t.co/y2gx4RCFhA", "type": "photo", "sizes": {"large": {"h": 625, "w": 1110, "resize": "fit"}, "small": {"h": 383, "w": 680, "resize": "fit"}, "thumb": {"h": 150, "w": 150, "resize": "crop"}, "medium": {"h": 625, "w": 1110, "resize": "fit"}}, "id_str": "1408578831393472517", "indices": [280, 303], "media_url": "http://pbs.twimg.com/media/E4xG-_NXwAUJt-M.jpg", "description": "Saisie d\u2019\u00e9cran montrant le premier ministre Trudeau, la ministre Qualtrough et des intervenants de partout au Canada qui participent \u00e0 une r\u00e9union virtuelle.", "display_url": "pic.twitter.com/y2gx4RCFhA", "expanded_url": "https://twitter.com/JustinTrudeau/status/1408578837374550018/photo/1", "media_url_https": "https://pbs.twimg.com/media/E4xG-_NXwAUJt-M.jpg"}]}, "display_text_range": [0, 279]}, "favorite_count": 0, "is_quote_status": false, "display_text_range": [0, 140], "possibly_sensitive": false, "in_reply_to_user_id": null, "in_reply_to_status_id": null, "in_reply_to_screen_name": null, "in_reply_to_user_id_str": null, "in_reply_to_status_id_str": null}