{"id": 1408416235545575430, "geo": null, "lang": "fr", "text": "RT @GouvCanSante: Vous avez re\u00e7u votre premi\u00e8re dose de #VaccinCovid?\n\nN\u2019oubliez pas de recevoir votre seconde dose lorsque vous y serez ad\u2026", "user": {"id": 14260960, "url": "https://pm.gc.ca/", "lang": null, "name": "Justin Trudeau", "id_str": "14260960", "location": "Papineau", "verified": true, "following": null, "protected": false, "time_zone": null, "created_at": "Sun Mar 30 21:04:14 +0000 2008", "utc_offset": null, "description": "Father, husband, 23rd Prime Minister of Canada. Account run by PM & staff. Papa, mari, 23e premier ministre du Canada. Compte g\u00e9r\u00e9 par le PM et son personnel.", "geo_enabled": true, "screen_name": "JustinTrudeau", "listed_count": 14314, "friends_count": 941, "is_translator": false, "notifications": null, "statuses_count": 35169, "default_profile": false, "followers_count": 5658818, "translator_type": "none", "favourites_count": 117, "profile_image_url": "http://pbs.twimg.com/profile_images/1325097364542119936/opMrhjvW_normal.jpg", "profile_banner_url": "https://pbs.twimg.com/profile_banners/14260960/1604761077", "profile_link_color": "B50000", "profile_text_color": "000000", "follow_request_sent": null, "contributors_enabled": false, "default_profile_image": false, "withheld_in_countries": [], "profile_background_tile": false, "profile_image_url_https": "https://pbs.twimg.com/profile_images/1325097364542119936/opMrhjvW_normal.jpg", "profile_background_color": "DBDCDD", "profile_sidebar_fill_color": "B80B0B", "profile_background_image_url": "http://abs.twimg.com/images/themes/theme1/bg.png", "profile_sidebar_border_color": "FFFFFF", "profile_use_background_image": false, "profile_background_image_url_https": "https://abs.twimg.com/images/themes/theme1/bg.png"}, "place": null, "id_str": "1408416235545575430", "source": "<a href=\"http://twitter.com/download/iphone\" rel=\"nofollow\">Twitter for iPhone</a>", "entities": {"urls": [], "symbols": [], "hashtags": [{"text": "VaccinCovid", "indices": [56, 68]}], "user_mentions": [{"id": 36376728, "name": "Sant\u00e9 Canada et l\u2019ASPC", "id_str": "36376728", "indices": [3, 16], "screen_name": "GouvCanSante"}]}, "favorited": false, "retweeted": false, "truncated": false, "created_at": "Fri Jun 25 13:26:12 +0000 2021", "coordinates": null, "quote_count": 0, "reply_count": 0, "contributors": null, "filter_level": "low", "timestamp_ms": "1624627572319", "retweet_count": 0, "favorite_count": 0, "is_quote_status": false, "retweeted_status": {"id": 1407700224953491463, "geo": null, "lang": "fr", "text": "Vous avez re\u00e7u votre premi\u00e8re dose de #VaccinCovid?\n\nN\u2019oubliez pas de recevoir votre seconde dose lorsque vous y se\u2026 https://t.co/mHIJHDZ9bh", "user": {"id": 36376728, "url": "http://canada.ca/le-coronavirus", "lang": null, "name": "Sant\u00e9 Canada et l\u2019ASPC", "id_str": "36376728", "location": "Canada", "verified": true, "following": null, "protected": false, "time_zone": null, "created_at": "Wed Apr 29 14:57:17 +0000 2009", "utc_offset": null, "description": "SC et ASPC - #covid19 - Promouvoir et prot\u00e9ger la sant\u00e9/s\u00e9curit\u00e9 des Canadien(ne)s - EN: @GovCanHealth - Avis : http://ow.ly/KkFR50DsIKK", "geo_enabled": true, "screen_name": "GouvCanSante", "listed_count": 553, "friends_count": 58, "is_translator": false, "notifications": null, "statuses_count": 19444, "default_profile": false, "followers_count": 31807, "translator_type": "none", "favourites_count": 1615, "profile_image_url": "http://pbs.twimg.com/profile_images/1387063333401071618/9iQS22yG_normal.jpg", "profile_banner_url": "https://pbs.twimg.com/profile_banners/36376728/1624371505", "profile_link_color": "000000", "profile_text_color": "003E58", "follow_request_sent": null, "contributors_enabled": false, "default_profile_image": false, "withheld_in_countries": [], "profile_background_tile": false, "profile_image_url_https": "https://pbs.twimg.com/profile_images/1387063333401071618/9iQS22yG_normal.jpg", "profile_background_color": "FFFFFF", "profile_sidebar_fill_color": "CBE7F3", "profile_background_image_url": "http://abs.twimg.com/images/themes/theme1/bg.png", "profile_sidebar_border_color": "003E58", "profile_use_background_image": true, "profile_background_image_url_https": "https://abs.twimg.com/images/themes/theme1/bg.png"}, "place": null, "id_str": "1407700224953491463", "source": "<a href=\"https://www.hootsuite.com\" rel=\"nofollow\">Hootsuite Inc.</a>", "entities": {"urls": [{"url": "https://t.co/mHIJHDZ9bh", "indices": [117, 140], "display_url": "twitter.com/i/web/status/1\u2026", "expanded_url": "https://twitter.com/i/web/status/1407700224953491463"}], "symbols": [], "hashtags": [{"text": "VaccinCovid", "indices": [38, 50]}], "user_mentions": []}, "favorited": false, "retweeted": false, "truncated": true, "created_at": "Wed Jun 23 14:01:02 +0000 2021", "coordinates": null, "quote_count": 0, "reply_count": 0, "contributors": null, "filter_level": "low", "retweet_count": 9, "extended_tweet": {"entities": {"urls": [{"url": "https://t.co/72jBPIzZlF", "indices": [255, 278], "display_url": "ow.ly/WBeM50FfUsy", "expanded_url": "http://ow.ly/WBeM50FfUsy"}], "media": [{"id": 1407700223531573248, "url": "https://t.co/XVHwUPdW03", "type": "photo", "sizes": {"large": {"h": 628, "w": 1200, "resize": "fit"}, "small": {"h": 356, "w": 680, "resize": "fit"}, "thumb": {"h": 150, "w": 150, "resize": "crop"}, "medium": {"h": 628, "w": 1200, "resize": "fit"}}, "id_str": "1407700223531573248", "indices": [279, 302], "media_url": "http://pbs.twimg.com/media/E4kn5R3WYAA2sAl.jpg", "description": "Illustration de fioles de vaccins en arri\u00e8re-plan. Texte : Rappel Ne tardez pas, recevez votre seconde dose lorsque vous y avez acc\u00e8s", "display_url": "pic.twitter.com/XVHwUPdW03", "expanded_url": "https://twitter.com/GouvCanSante/status/1407700224953491463/photo/1", "media_url_https": "https://pbs.twimg.com/media/E4kn5R3WYAA2sAl.jpg"}], "symbols": [], "hashtags": [{"text": "VaccinCovid", "indices": [38, 50]}], "user_mentions": []}, "full_text": "Vous avez re\u00e7u votre premi\u00e8re dose de #VaccinCovid?\n\nN\u2019oubliez pas de recevoir votre seconde dose lorsque vous y serez admissible et de suivre les mesures de sant\u00e9 publique recommand\u00e9es l\u00e0 o\u00f9 vous vivez. Pour en savoir plus sur la prise de rendez-vous : \nhttps://t.co/72jBPIzZlF https://t.co/XVHwUPdW03", "extended_entities": {"media": [{"id": 1407700223531573248, "url": "https://t.co/XVHwUPdW03", "type": "photo", "sizes": {"large": {"h": 628, "w": 1200, "resize": "fit"}, "small": {"h": 356, "w": 680, "resize": "fit"}, "thumb": {"h": 150, "w": 150, "resize": "crop"}, "medium": {"h": 628, "w": 1200, "resize": "fit"}}, "id_str": "1407700223531573248", "indices": [279, 302], "media_url": "http://pbs.twimg.com/media/E4kn5R3WYAA2sAl.jpg", "description": "Illustration de fioles de vaccins en arri\u00e8re-plan. Texte : Rappel Ne tardez pas, recevez votre seconde dose lorsque vous y avez acc\u00e8s", "display_url": "pic.twitter.com/XVHwUPdW03", "expanded_url": "https://twitter.com/GouvCanSante/status/1407700224953491463/photo/1", "media_url_https": "https://pbs.twimg.com/media/E4kn5R3WYAA2sAl.jpg"}]}, "display_text_range": [0, 278]}, "favorite_count": 6, "is_quote_status": false, "display_text_range": [0, 140], "possibly_sensitive": false, "in_reply_to_user_id": null, "in_reply_to_status_id": null, "in_reply_to_screen_name": null, "in_reply_to_user_id_str": null, "in_reply_to_status_id_str": null}, "in_reply_to_user_id": null, "in_reply_to_status_id": null, "in_reply_to_screen_name": null, "in_reply_to_user_id_str": null, "in_reply_to_status_id_str": null}