{"id": 1407761175543226376, "geo": null, "lang": "fr", "text": "RT @MaryamMonsef: Sur la voie de la r\u00e9conciliation, nous devons veiller \u00e0 ce que les peuples autochtones, o\u00f9 qu'ils vivent, aient acc\u00e8s aux\u2026", "user": {"id": 14260960, "url": "https://pm.gc.ca/", "lang": null, "name": "Justin Trudeau", "id_str": "14260960", "location": "Papineau", "verified": true, "following": null, "protected": false, "time_zone": null, "created_at": "Sun Mar 30 21:04:14 +0000 2008", "utc_offset": null, "description": "Father, husband, 23rd Prime Minister of Canada. Account run by PM & staff. Papa, mari, 23e premier ministre du Canada. Compte g\u00e9r\u00e9 par le PM et son personnel.", "geo_enabled": true, "screen_name": "JustinTrudeau", "listed_count": 14313, "friends_count": 941, "is_translator": false, "notifications": null, "statuses_count": 35142, "default_profile": false, "followers_count": 5657371, "translator_type": "none", "favourites_count": 117, "profile_image_url": "http://pbs.twimg.com/profile_images/1325097364542119936/opMrhjvW_normal.jpg", "profile_banner_url": "https://pbs.twimg.com/profile_banners/14260960/1604761077", "profile_link_color": "B50000", "profile_text_color": "000000", "follow_request_sent": null, "contributors_enabled": false, "default_profile_image": false, "withheld_in_countries": [], "profile_background_tile": false, "profile_image_url_https": "https://pbs.twimg.com/profile_images/1325097364542119936/opMrhjvW_normal.jpg", "profile_background_color": "DBDCDD", "profile_sidebar_fill_color": "B80B0B", "profile_background_image_url": "http://abs.twimg.com/images/themes/theme1/bg.png", "profile_sidebar_border_color": "FFFFFF", "profile_use_background_image": false, "profile_background_image_url_https": "https://abs.twimg.com/images/themes/theme1/bg.png"}, "place": null, "id_str": "1407761175543226376", "source": "<a href=\"https://mobile.twitter.com\" rel=\"nofollow\">Twitter Web App</a>", "entities": {"urls": [], "symbols": [], "hashtags": [], "user_mentions": [{"id": 494668818, "name": "Maryam Monsef", "id_str": "494668818", "indices": [3, 16], "screen_name": "MaryamMonsef"}]}, "favorited": false, "retweeted": false, "truncated": false, "created_at": "Wed Jun 23 18:03:13 +0000 2021", "coordinates": null, "quote_count": 0, "reply_count": 0, "contributors": null, "filter_level": "low", "timestamp_ms": "1624471393844", "retweet_count": 0, "favorite_count": 0, "is_quote_status": false, "retweeted_status": {"id": 1407756507178057737, "geo": null, "lang": "fr", "text": "Sur la voie de la r\u00e9conciliation, nous devons veiller \u00e0 ce que les peuples autochtones, o\u00f9 qu'ils vivent, aient acc\u2026 https://t.co/GmTuCaFn4R", "user": {"id": 494668818, "url": "http://Maryammonsef.ca", "lang": null, "name": "Maryam Monsef", "id_str": "494668818", "location": null, "verified": true, "following": null, "protected": false, "time_zone": null, "created_at": "Fri Feb 17 04:13:35 +0000 2012", "utc_offset": null, "description": "MP for Peterborough-Kawartha. Minister for Women and Gender Equality and Rural Economic Development. | Account run by Maryam Monsef and Team. | she/her/elle", "geo_enabled": true, "screen_name": "MaryamMonsef", "listed_count": 525, "friends_count": 5129, "is_translator": false, "notifications": null, "statuses_count": 30075, "default_profile": false, "followers_count": 48417, "translator_type": "none", "favourites_count": 39611, "profile_image_url": "http://pbs.twimg.com/profile_images/1367477316104966149/_aMzmKiH_normal.jpg", "profile_banner_url": "https://pbs.twimg.com/profile_banners/494668818/1610551481", "profile_link_color": "1F0C09", "profile_text_color": "333333", "follow_request_sent": null, "contributors_enabled": false, "default_profile_image": false, "withheld_in_countries": [], "profile_background_tile": false, "profile_image_url_https": "https://pbs.twimg.com/profile_images/1367477316104966149/_aMzmKiH_normal.jpg", "profile_background_color": "022330", "profile_sidebar_fill_color": "C0DFEC", "profile_background_image_url": "http://abs.twimg.com/images/themes/theme15/bg.png", "profile_sidebar_border_color": "A8C7F7", "profile_use_background_image": false, "profile_background_image_url_https": "https://abs.twimg.com/images/themes/theme15/bg.png"}, "place": null, "id_str": "1407756507178057737", "source": "<a href=\"https://mobile.twitter.com\" rel=\"nofollow\">Twitter Web App</a>", "entities": {"urls": [{"url": "https://t.co/GmTuCaFn4R", "indices": [117, 140], "display_url": "twitter.com/i/web/status/1\u2026", "expanded_url": "https://twitter.com/i/web/status/1407756507178057737"}], "symbols": [], "hashtags": [], "user_mentions": []}, "favorited": false, "retweeted": false, "truncated": true, "created_at": "Wed Jun 23 17:44:40 +0000 2021", "coordinates": null, "quote_count": 0, "reply_count": 1, "contributors": null, "filter_level": "low", "retweet_count": 2, "extended_tweet": {"entities": {"urls": [], "media": [{"id": 1407756068193816578, "url": "https://t.co/nKsS7w8hyM", "type": "photo", "sizes": {"large": {"h": 900, "w": 1600, "resize": "fit"}, "small": {"h": 383, "w": 680, "resize": "fit"}, "thumb": {"h": 150, "w": 150, "resize": "crop"}, "medium": {"h": 675, "w": 1200, "resize": "fit"}}, "id_str": "1407756068193816578", "indices": [250, 273], "media_url": "http://pbs.twimg.com/media/E4lar3cX0AI6OKi.jpg", "display_url": "pic.twitter.com/nKsS7w8hyM", "expanded_url": "https://twitter.com/MaryamMonsef/status/1407756507178057737/photo/1", "media_url_https": "https://pbs.twimg.com/media/E4lar3cX0AI6OKi.jpg"}], "symbols": [], "hashtags": [], "user_mentions": []}, "full_text": "Sur la voie de la r\u00e9conciliation, nous devons veiller \u00e0 ce que les peuples autochtones, o\u00f9 qu'ils vivent, aient acc\u00e8s aux m\u00eames services et possibilit\u00e9s que les non-autochtones. Et l'annonce d'aujourd'hui est une partie importante de ce travail. 1/3 https://t.co/nKsS7w8hyM", "extended_entities": {"media": [{"id": 1407756068193816578, "url": "https://t.co/nKsS7w8hyM", "type": "photo", "sizes": {"large": {"h": 900, "w": 1600, "resize": "fit"}, "small": {"h": 383, "w": 680, "resize": "fit"}, "thumb": {"h": 150, "w": 150, "resize": "crop"}, "medium": {"h": 675, "w": 1200, "resize": "fit"}}, "id_str": "1407756068193816578", "indices": [250, 273], "media_url": "http://pbs.twimg.com/media/E4lar3cX0AI6OKi.jpg", "display_url": "pic.twitter.com/nKsS7w8hyM", "expanded_url": "https://twitter.com/MaryamMonsef/status/1407756507178057737/photo/1", "media_url_https": "https://pbs.twimg.com/media/E4lar3cX0AI6OKi.jpg"}]}, "display_text_range": [0, 249]}, "favorite_count": 5, "is_quote_status": false, "display_text_range": [0, 140], "possibly_sensitive": false, "in_reply_to_user_id": null, "in_reply_to_status_id": null, "in_reply_to_screen_name": null, "in_reply_to_user_id_str": null, "in_reply_to_status_id_str": null}, "in_reply_to_user_id": null, "in_reply_to_status_id": null, "in_reply_to_screen_name": null, "in_reply_to_user_id_str": null, "in_reply_to_status_id_str": null}