{"id": 1407498939465666560, "geo": null, "lang": "fr", "text": "RT @CQualtro: En Septembre, j'ai promis aux Canadiens que nous introduirions la toute premi\u00e8re prestation pour personnes en situation de ha\u2026", "user": {"id": 14260960, "url": "https://pm.gc.ca/", "lang": null, "name": "Justin Trudeau", "id_str": "14260960", "location": "Papineau", "verified": true, "following": null, "protected": false, "time_zone": null, "created_at": "Sun Mar 30 21:04:14 +0000 2008", "utc_offset": null, "description": "Father, husband, 23rd Prime Minister of Canada. Account run by PM & staff. Papa, mari, 23e premier ministre du Canada. Compte g\u00e9r\u00e9 par le PM et son personnel.", "geo_enabled": true, "screen_name": "JustinTrudeau", "listed_count": 14314, "friends_count": 941, "is_translator": false, "notifications": null, "statuses_count": 35134, "default_profile": false, "followers_count": 5656615, "translator_type": "none", "favourites_count": 117, "profile_image_url": "http://pbs.twimg.com/profile_images/1325097364542119936/opMrhjvW_normal.jpg", "profile_banner_url": "https://pbs.twimg.com/profile_banners/14260960/1604761077", "profile_link_color": "B50000", "profile_text_color": "000000", "follow_request_sent": null, "contributors_enabled": false, "default_profile_image": false, "withheld_in_countries": [], "profile_background_tile": false, "profile_image_url_https": "https://pbs.twimg.com/profile_images/1325097364542119936/opMrhjvW_normal.jpg", "profile_background_color": "DBDCDD", "profile_sidebar_fill_color": "B80B0B", "profile_background_image_url": "http://abs.twimg.com/images/themes/theme1/bg.png", "profile_sidebar_border_color": "FFFFFF", "profile_use_background_image": false, "profile_background_image_url_https": "https://abs.twimg.com/images/themes/theme1/bg.png"}, "place": null, "id_str": "1407498939465666560", "source": "<a href=\"http://twitter.com/download/iphone\" rel=\"nofollow\">Twitter for iPhone</a>", "entities": {"urls": [], "symbols": [], "hashtags": [], "user_mentions": [{"id": 2852899113, "name": "Carla Qualtrough", "id_str": "2852899113", "indices": [3, 12], "screen_name": "CQualtro"}]}, "favorited": false, "retweeted": false, "truncated": false, "created_at": "Wed Jun 23 00:41:11 +0000 2021", "coordinates": null, "quote_count": 0, "reply_count": 0, "contributors": null, "filter_level": "low", "timestamp_ms": "1624408871891", "retweet_count": 0, "favorite_count": 0, "is_quote_status": false, "retweeted_status": {"id": 1407402399195619328, "geo": null, "lang": "fr", "text": "En Septembre, j'ai promis aux Canadiens que nous introduirions la toute premi\u00e8re prestation pour personnes en situa\u2026 https://t.co/ULKhUsaZeA", "user": {"id": 2852899113, "url": "http://carlaqualtrough.libparl.ca", "lang": null, "name": "Carla Qualtrough", "id_str": "2852899113", "location": "Delta, BC", "verified": true, "following": null, "protected": false, "time_zone": null, "created_at": "Fri Oct 31 03:02:38 +0000 2014", "utc_offset": null, "description": "MP for Delta. Minister of Employment, Workforce Dev. & Disability Inclusion/Ministre de l\u2019Emploi, D\u00e9v. de la main-d\u2019\u0153uvre & Inclusion des personnes handicap\u00e9es", "geo_enabled": true, "screen_name": "CQualtro", "listed_count": 413, "friends_count": 1612, "is_translator": false, "notifications": null, "statuses_count": 9421, "default_profile": false, "followers_count": 24921, "translator_type": "none", "favourites_count": 8839, "profile_image_url": "http://pbs.twimg.com/profile_images/1173018851241426945/1ASfZbqr_normal.jpg", "profile_banner_url": "https://pbs.twimg.com/profile_banners/2852899113/1585679434", "profile_link_color": "3B94D9", "profile_text_color": "000000", "follow_request_sent": null, "contributors_enabled": false, "default_profile_image": false, "withheld_in_countries": [], "profile_background_tile": false, "profile_image_url_https": "https://pbs.twimg.com/profile_images/1173018851241426945/1ASfZbqr_normal.jpg", "profile_background_color": "000000", "profile_sidebar_fill_color": "000000", "profile_background_image_url": "http://abs.twimg.com/images/themes/theme1/bg.png", "profile_sidebar_border_color": "000000", "profile_use_background_image": false, "profile_background_image_url_https": "https://abs.twimg.com/images/themes/theme1/bg.png"}, "place": null, "id_str": "1407402399195619328", "source": "<a href=\"http://twitter.com/download/iphone\" rel=\"nofollow\">Twitter for iPhone</a>", "entities": {"urls": [{"url": "https://t.co/ULKhUsaZeA", "indices": [117, 140], "display_url": "twitter.com/i/web/status/1\u2026", "expanded_url": "https://twitter.com/i/web/status/1407402399195619328"}], "symbols": [], "hashtags": [], "user_mentions": []}, "favorited": false, "retweeted": false, "truncated": true, "created_at": "Tue Jun 22 18:17:34 +0000 2021", "coordinates": null, "quote_count": 0, "reply_count": 3, "contributors": null, "filter_level": "low", "retweet_count": 8, "extended_tweet": {"entities": {"urls": [], "media": [{"id": 1407402396108611584, "url": "https://t.co/KwIVrNmAyk", "type": "photo", "sizes": {"large": {"h": 630, "w": 1200, "resize": "fit"}, "small": {"h": 357, "w": 680, "resize": "fit"}, "thumb": {"h": 150, "w": 150, "resize": "crop"}, "medium": {"h": 630, "w": 1200, "resize": "fit"}}, "id_str": "1407402396108611584", "indices": [254, 277], "media_url": "http://pbs.twimg.com/media/E4gZBcQWYAALyhV.jpg", "display_url": "pic.twitter.com/KwIVrNmAyk", "expanded_url": "https://twitter.com/CQualtro/status/1407402399195619328/photo/1", "media_url_https": "https://pbs.twimg.com/media/E4gZBcQWYAALyhV.jpg"}], "symbols": [], "hashtags": [], "user_mentions": []}, "full_text": "En Septembre, j'ai promis aux Canadiens que nous introduirions la toute premi\u00e8re prestation pour personnes en situation de handicap, et aujourd'hui nous avons tenu cette promesse. Ce matin, j'ai d\u00e9pos\u00e9 le projet de loi C-35 qui en permettra la cr\u00e9ation. https://t.co/KwIVrNmAyk", "extended_entities": {"media": [{"id": 1407402396108611584, "url": "https://t.co/KwIVrNmAyk", "type": "photo", "sizes": {"large": {"h": 630, "w": 1200, "resize": "fit"}, "small": {"h": 357, "w": 680, "resize": "fit"}, "thumb": {"h": 150, "w": 150, "resize": "crop"}, "medium": {"h": 630, "w": 1200, "resize": "fit"}}, "id_str": "1407402396108611584", "indices": [254, 277], "media_url": "http://pbs.twimg.com/media/E4gZBcQWYAALyhV.jpg", "display_url": "pic.twitter.com/KwIVrNmAyk", "expanded_url": "https://twitter.com/CQualtro/status/1407402399195619328/photo/1", "media_url_https": "https://pbs.twimg.com/media/E4gZBcQWYAALyhV.jpg"}]}, "display_text_range": [0, 253]}, "favorite_count": 7, "is_quote_status": false, "display_text_range": [0, 140], "possibly_sensitive": false, "in_reply_to_user_id": null, "in_reply_to_status_id": null, "in_reply_to_screen_name": null, "in_reply_to_user_id_str": null, "in_reply_to_status_id_str": null}, "in_reply_to_user_id": null, "in_reply_to_status_id": null, "in_reply_to_screen_name": null, "in_reply_to_user_id_str": null, "in_reply_to_status_id_str": null}