{"id": 1407389483486547977, "geo": null, "lang": "fr", "text": "Bernadette Clement, James Quinn et Hassan Yussuff ont pass\u00e9 leurs carri\u00e8res, comme fonctionnaires et leaders commun\u2026 https://t.co/9E0ObT6HYo", "user": {"id": 14260960, "url": "https://pm.gc.ca/", "lang": null, "name": "Justin Trudeau", "id_str": "14260960", "location": "Papineau", "verified": true, "following": null, "protected": false, "time_zone": null, "created_at": "Sun Mar 30 21:04:14 +0000 2008", "utc_offset": null, "description": "Father, husband, 23rd Prime Minister of Canada. Account run by PM & staff. Papa, mari, 23e premier ministre du Canada. Compte g\u00e9r\u00e9 par le PM et son personnel.", "geo_enabled": true, "screen_name": "JustinTrudeau", "listed_count": 14313, "friends_count": 941, "is_translator": false, "notifications": null, "statuses_count": 35124, "default_profile": false, "followers_count": 5656207, "translator_type": "none", "favourites_count": 117, "profile_image_url": "http://pbs.twimg.com/profile_images/1325097364542119936/opMrhjvW_normal.jpg", "profile_banner_url": "https://pbs.twimg.com/profile_banners/14260960/1604761077", "profile_link_color": "B50000", "profile_text_color": "000000", "follow_request_sent": null, "contributors_enabled": false, "default_profile_image": false, "withheld_in_countries": [], "profile_background_tile": false, "profile_image_url_https": "https://pbs.twimg.com/profile_images/1325097364542119936/opMrhjvW_normal.jpg", "profile_background_color": "DBDCDD", "profile_sidebar_fill_color": "B80B0B", "profile_background_image_url": "http://abs.twimg.com/images/themes/theme1/bg.png", "profile_sidebar_border_color": "FFFFFF", "profile_use_background_image": false, "profile_background_image_url_https": "https://abs.twimg.com/images/themes/theme1/bg.png"}, "place": null, "id_str": "1407389483486547977", "source": "<a href=\"http://twitter.com/download/iphone\" rel=\"nofollow\">Twitter for iPhone</a>", "entities": {"urls": [{"url": "https://t.co/9E0ObT6HYo", "indices": [117, 140], "display_url": "twitter.com/i/web/status/1\u2026", "expanded_url": "https://twitter.com/i/web/status/1407389483486547977"}], "symbols": [], "hashtags": [], "user_mentions": []}, "favorited": false, "retweeted": false, "truncated": true, "created_at": "Tue Jun 22 17:26:15 +0000 2021", "coordinates": null, "quote_count": 0, "reply_count": 0, "contributors": null, "filter_level": "low", "timestamp_ms": "1624382775552", "retweet_count": 0, "extended_tweet": {"entities": {"urls": [{"url": "https://t.co/JQzAnUT3rr", "indices": [256, 279], "display_url": "bit.ly/3cYPy8n", "expanded_url": "https://bit.ly/3cYPy8n"}], "symbols": [], "hashtags": [], "user_mentions": []}, "full_text": "Bernadette Clement, James Quinn et Hassan Yussuff ont pass\u00e9 leurs carri\u00e8res, comme fonctionnaires et leaders communautaires, \u00e0 servir les autres. Aujourd\u2019hui, ils ont \u00e9t\u00e9 nomm\u00e9s au S\u00e9nat, o\u00f9 je suis s\u00fbr qu\u2019ils continueront de changer les choses. D\u00e9tails : https://t.co/JQzAnUT3rr", "display_text_range": [0, 279]}, "favorite_count": 0, "is_quote_status": false, "possibly_sensitive": false, "in_reply_to_user_id": null, "in_reply_to_status_id": null, "in_reply_to_screen_name": null, "in_reply_to_user_id_str": null, "in_reply_to_status_id_str": null}