{"id": 1407137465954148355, "geo": null, "lang": "fr", "text": "La langue fa\u00e7onne l\u2019identit\u00e9 et notre perception du monde. Pour la prot\u00e9ger, on a instaur\u00e9 la Loi sur les langues a\u2026 https://t.co/r9ZHOjzxSx", "user": {"id": 14260960, "url": "https://pm.gc.ca/", "lang": null, "name": "Justin Trudeau", "id_str": "14260960", "location": "Papineau", "verified": true, "following": null, "protected": false, "time_zone": null, "created_at": "Sun Mar 30 21:04:14 +0000 2008", "utc_offset": null, "description": "Father, husband, 23rd Prime Minister of Canada. Account run by PM & staff. Papa, mari, 23e premier ministre du Canada. Compte g\u00e9r\u00e9 par le PM et son personnel.", "geo_enabled": true, "screen_name": "JustinTrudeau", "listed_count": 14305, "friends_count": 941, "is_translator": false, "notifications": null, "statuses_count": 35115, "default_profile": false, "followers_count": 5656280, "translator_type": "none", "favourites_count": 117, "profile_image_url": "http://pbs.twimg.com/profile_images/1325097364542119936/opMrhjvW_normal.jpg", "profile_banner_url": "https://pbs.twimg.com/profile_banners/14260960/1604761077", "profile_link_color": "B50000", "profile_text_color": "000000", "follow_request_sent": null, "contributors_enabled": false, "default_profile_image": false, "withheld_in_countries": [], "profile_background_tile": false, "profile_image_url_https": "https://pbs.twimg.com/profile_images/1325097364542119936/opMrhjvW_normal.jpg", "profile_background_color": "DBDCDD", "profile_sidebar_fill_color": "B80B0B", "profile_background_image_url": "http://abs.twimg.com/images/themes/theme1/bg.png", "profile_sidebar_border_color": "FFFFFF", "profile_use_background_image": false, "profile_background_image_url_https": "https://abs.twimg.com/images/themes/theme1/bg.png"}, "place": null, "id_str": "1407137465954148355", "source": "<a href=\"http://twitter.com/download/iphone\" rel=\"nofollow\">Twitter for iPhone</a>", "entities": {"urls": [{"url": "https://t.co/r9ZHOjzxSx", "indices": [117, 140], "display_url": "twitter.com/i/web/status/1\u2026", "expanded_url": "https://twitter.com/i/web/status/1407137465954148355"}], "symbols": [], "hashtags": [], "user_mentions": []}, "favorited": false, "retweeted": false, "truncated": true, "created_at": "Tue Jun 22 00:44:49 +0000 2021", "coordinates": null, "quote_count": 0, "reply_count": 0, "contributors": null, "filter_level": "low", "timestamp_ms": "1624322689890", "quoted_status": {"id": 1407112781183193097, "geo": null, "lang": "fr", "text": ".@JustinTrudeau et moi avons eu l'honneur de rencontrer aujourd'hui les individus nomm\u00e9s au Commissariat aux langue\u2026 https://t.co/zS9tX9TpMF", "user": {"id": 276713213, "url": "http://canada.ca", "lang": null, "name": "Steven Guilbeault @ \ud83c\udfe1", "id_str": "276713213", "location": "Montr\u00e9al, Qu\u00e9bec", "verified": true, "following": null, "protected": false, "time_zone": null, "created_at": "Sun Apr 03 23:01:51 +0000 2011", "utc_offset": null, "description": "D\u00e9put\u00e9/MP Laurier-Sainte-Marie | Ministre du Patrimoine canadien/Minister of Canadian Heritage | Fier Papa | Il lui /He him | Tweets par mon \u00e9quipe et moi-m\u00eame.", "geo_enabled": true, "screen_name": "s_guilbeault", "listed_count": 606, "friends_count": 5138, "is_translator": false, "notifications": null, "statuses_count": 34521, "default_profile": true, "followers_count": 28482, "translator_type": "none", "favourites_count": 10723, "profile_image_url": "http://pbs.twimg.com/profile_images/1313965402159022081/N6_4ToaT_normal.jpg", "profile_banner_url": "https://pbs.twimg.com/profile_banners/276713213/1607378750", "profile_link_color": "1DA1F2", "profile_text_color": "333333", "follow_request_sent": null, "contributors_enabled": false, "default_profile_image": false, "withheld_in_countries": [], "profile_background_tile": false, "profile_image_url_https": "https://pbs.twimg.com/profile_images/1313965402159022081/N6_4ToaT_normal.jpg", "profile_background_color": "C0DEED", "profile_sidebar_fill_color": "DDEEF6", "profile_background_image_url": "http://abs.twimg.com/images/themes/theme1/bg.png", "profile_sidebar_border_color": "C0DEED", "profile_use_background_image": true, "profile_background_image_url_https": "https://abs.twimg.com/images/themes/theme1/bg.png"}, "place": null, "id_str": "1407112781183193097", "source": "<a href=\"http://twitter.com/download/iphone\" rel=\"nofollow\">Twitter for iPhone</a>", "entities": {"urls": [{"url": "https://t.co/zS9tX9TpMF", "indices": [117, 140], "display_url": "twitter.com/i/web/status/1\u2026", "expanded_url": "https://twitter.com/i/web/status/1407112781183193097"}], "symbols": [], "hashtags": [], "user_mentions": [{"id": 14260960, "name": "Justin Trudeau", "id_str": "14260960", "indices": [1, 15], "screen_name": "JustinTrudeau"}]}, "favorited": false, "retweeted": false, "truncated": true, "created_at": "Mon Jun 21 23:06:44 +0000 2021", "coordinates": null, "quote_count": 0, "reply_count": 2, "contributors": null, "filter_level": "low", "retweet_count": 1, "extended_tweet": {"entities": {"urls": [], "media": [{"id": 1407112776481345538, "url": "https://t.co/yOACc29TWw", "type": "photo", "sizes": {"large": {"h": 798, "w": 2048, "resize": "fit"}, "small": {"h": 265, "w": 680, "resize": "fit"}, "thumb": {"h": 150, "w": 150, "resize": "crop"}, "medium": {"h": 468, "w": 1200, "resize": "fit"}}, "id_str": "1407112776481345538", "indices": [246, 269], "media_url": "http://pbs.twimg.com/media/E4cRnXEVkAIPw8R.jpg", "display_url": "pic.twitter.com/yOACc29TWw", "expanded_url": "https://twitter.com/s_guilbeault/status/1407112781183193097/photo/1", "media_url_https": "https://pbs.twimg.com/media/E4cRnXEVkAIPw8R.jpg"}], "symbols": [], "hashtags": [], "user_mentions": [{"id": 14260960, "name": "Justin Trudeau", "id_str": "14260960", "indices": [1, 15], "screen_name": "JustinTrudeau"}]}, "full_text": ".@JustinTrudeau et moi avons eu l'honneur de rencontrer aujourd'hui les individus nomm\u00e9s au Commissariat aux langues autochtones. Nous avons parl\u00e9 des progr\u00e8s r\u00e9alis\u00e9s et, surtout, du travail qu'il reste \u00e0 faire sur la voie de la r\u00e9conciliation. https://t.co/yOACc29TWw", "extended_entities": {"media": [{"id": 1407112776481345538, "url": "https://t.co/yOACc29TWw", "type": "photo", "sizes": {"large": {"h": 798, "w": 2048, "resize": "fit"}, "small": {"h": 265, "w": 680, "resize": "fit"}, "thumb": {"h": 150, "w": 150, "resize": "crop"}, "medium": {"h": 468, "w": 1200, "resize": "fit"}}, "id_str": "1407112776481345538", "indices": [246, 269], "media_url": "http://pbs.twimg.com/media/E4cRnXEVkAIPw8R.jpg", "display_url": "pic.twitter.com/yOACc29TWw", "expanded_url": "https://twitter.com/s_guilbeault/status/1407112781183193097/photo/1", "media_url_https": "https://pbs.twimg.com/media/E4cRnXEVkAIPw8R.jpg"}]}, "display_text_range": [0, 245]}, "favorite_count": 4, "is_quote_status": false, "display_text_range": [0, 140], "possibly_sensitive": false, "in_reply_to_user_id": null, "in_reply_to_status_id": null, "in_reply_to_screen_name": null, "in_reply_to_user_id_str": null, "in_reply_to_status_id_str": null}, "retweet_count": 0, "extended_tweet": {"entities": {"urls": [], "symbols": [], "hashtags": [], "user_mentions": []}, "full_text": "La langue fa\u00e7onne l\u2019identit\u00e9 et notre perception du monde. Pour la prot\u00e9ger, on a instaur\u00e9 la Loi sur les langues autochtones il y a 2 ans, cr\u00e9\u00e9 le Bureau du commissaire aux langues autochtones, annonc\u00e9 le nom des membres du Bureau la semaine pass\u00e9e et parl\u00e9 avec eux aujourd\u2019hui.", "display_text_range": [0, 280]}, "favorite_count": 0, "is_quote_status": true, "quoted_status_id": 1407112781183193097, "in_reply_to_user_id": null, "quoted_status_id_str": "1407112781183193097", "in_reply_to_status_id": null, "in_reply_to_screen_name": null, "in_reply_to_user_id_str": null, "quoted_status_permalink": {"url": "https://t.co/zUyYLG9Qg5", "display": "twitter.com/s_guilbeault/s\u2026", "expanded": "https://twitter.com/s_guilbeault/status/1407112781183193097"}, "in_reply_to_status_id_str": null}