{"id": 1407054300283555849, "geo": null, "lang": "fr", "text": "J\u2019ai rencontr\u00e9 des membres du caucus autochtone aujourd\u2019hui. Notre \u00e9quipe est d\u00e9termin\u00e9e \u00e0 miser sur les progr\u00e8s r\u00e9\u2026 https://t.co/UaROfvV5GP", "user": {"id": 14260960, "url": "https://pm.gc.ca/", "lang": null, "name": "Justin Trudeau", "id_str": "14260960", "location": "Papineau", "verified": true, "following": null, "protected": false, "time_zone": null, "created_at": "Sun Mar 30 21:04:14 +0000 2008", "utc_offset": null, "description": "Father, husband, 23rd Prime Minister of Canada. Account run by PM & staff. Papa, mari, 23e premier ministre du Canada. Compte g\u00e9r\u00e9 par le PM et son personnel.", "geo_enabled": true, "screen_name": "JustinTrudeau", "listed_count": 14305, "friends_count": 941, "is_translator": false, "notifications": null, "statuses_count": 35111, "default_profile": false, "followers_count": 5656014, "translator_type": "none", "favourites_count": 117, "profile_image_url": "http://pbs.twimg.com/profile_images/1325097364542119936/opMrhjvW_normal.jpg", "profile_banner_url": "https://pbs.twimg.com/profile_banners/14260960/1604761077", "profile_link_color": "B50000", "profile_text_color": "000000", "follow_request_sent": null, "contributors_enabled": false, "default_profile_image": false, "withheld_in_countries": [], "profile_background_tile": false, "profile_image_url_https": "https://pbs.twimg.com/profile_images/1325097364542119936/opMrhjvW_normal.jpg", "profile_background_color": "DBDCDD", "profile_sidebar_fill_color": "B80B0B", "profile_background_image_url": "http://abs.twimg.com/images/themes/theme1/bg.png", "profile_sidebar_border_color": "FFFFFF", "profile_use_background_image": false, "profile_background_image_url_https": "https://abs.twimg.com/images/themes/theme1/bg.png"}, "place": null, "id_str": "1407054300283555849", "source": "<a href=\"http://twitter.com/download/iphone\" rel=\"nofollow\">Twitter for iPhone</a>", "entities": {"urls": [{"url": "https://t.co/UaROfvV5GP", "indices": [117, 140], "display_url": "twitter.com/i/web/status/1\u2026", "expanded_url": "https://twitter.com/i/web/status/1407054300283555849"}], "symbols": [], "hashtags": [], "user_mentions": []}, "favorited": false, "retweeted": false, "truncated": true, "created_at": "Mon Jun 21 19:14:21 +0000 2021", "coordinates": null, "quote_count": 0, "reply_count": 0, "contributors": null, "filter_level": "low", "timestamp_ms": "1624302861649", "quoted_status": {"id": 1407031484989456389, "geo": null, "lang": "en", "text": "Great meeting today between the Liberal Indigenous Caucus and Prime Minister @JustinTrudeau. No better day to discu\u2026 https://t.co/h0AR4ByYyi", "user": {"id": 1166717268975333376, "url": "http://www.jaimebattiste.ca", "lang": null, "name": "Jaime Battiste", "id_str": "1166717268975333376", "location": "Cape Breton, Nova Scotia", "verified": true, "following": null, "protected": false, "time_zone": null, "created_at": "Wed Aug 28 14:22:12 +0000 2019", "utc_offset": null, "description": "Member of Parliament for Sydney-Victoria. Cape Breton/Unama'ki. L'nu, father, writer, activist, musician, boxer.", "geo_enabled": false, "screen_name": "JaimeBattiste", "listed_count": 38, "friends_count": 370, "is_translator": false, "notifications": null, "statuses_count": 580, "default_profile": true, "followers_count": 966, "translator_type": "none", "favourites_count": 486, "profile_image_url": "http://pbs.twimg.com/profile_images/1166719439112495104/RaMG5-EU_normal.jpg", "profile_banner_url": "https://pbs.twimg.com/profile_banners/1166717268975333376/1611702969", "profile_link_color": "1DA1F2", "profile_text_color": "333333", "follow_request_sent": null, "contributors_enabled": false, "default_profile_image": false, "withheld_in_countries": [], "profile_background_tile": false, "profile_image_url_https": "https://pbs.twimg.com/profile_images/1166719439112495104/RaMG5-EU_normal.jpg", "profile_background_color": "F5F8FA", "profile_sidebar_fill_color": "DDEEF6", "profile_background_image_url": "", "profile_sidebar_border_color": "C0DEED", "profile_use_background_image": true, "profile_background_image_url_https": ""}, "place": null, "id_str": "1407031484989456389", "source": "<a href=\"https://mobile.twitter.com\" rel=\"nofollow\">Twitter Web App</a>", "entities": {"urls": [{"url": "https://t.co/h0AR4ByYyi", "indices": [117, 140], "display_url": "twitter.com/i/web/status/1\u2026", "expanded_url": "https://twitter.com/i/web/status/1407031484989456389"}], "symbols": [], "hashtags": [], "user_mentions": [{"id": 14260960, "name": "Justin Trudeau", "id_str": "14260960", "indices": [77, 91], "screen_name": "JustinTrudeau"}]}, "favorited": false, "retweeted": false, "truncated": true, "created_at": "Mon Jun 21 17:43:42 +0000 2021", "coordinates": null, "quote_count": 0, "reply_count": 0, "contributors": null, "filter_level": "low", "retweet_count": 3, "extended_tweet": {"entities": {"urls": [], "media": [{"id": 1407030219001696262, "url": "https://t.co/lmpS2TEt6G", "type": "photo", "sizes": {"large": {"h": 889, "w": 1562, "resize": "fit"}, "small": {"h": 387, "w": 680, "resize": "fit"}, "thumb": {"h": 150, "w": 150, "resize": "crop"}, "medium": {"h": 683, "w": 1200, "resize": "fit"}}, "id_str": "1407030219001696262", "indices": [241, 264], "media_url": "http://pbs.twimg.com/media/E4bGh4fWEAYE_Qn.jpg", "display_url": "pic.twitter.com/lmpS2TEt6G", "expanded_url": "https://twitter.com/JaimeBattiste/status/1407031484989456389/photo/1", "media_url_https": "https://pbs.twimg.com/media/E4bGh4fWEAYE_Qn.jpg"}], "symbols": [], "hashtags": [{"text": "IndigenousPeoplesDay", "indices": [218, 239]}], "user_mentions": [{"id": 14260960, "name": "Justin Trudeau", "id_str": "14260960", "indices": [77, 91], "screen_name": "JustinTrudeau"}]}, "full_text": "Great meeting today between the Liberal Indigenous Caucus and Prime Minister @JustinTrudeau. No better day to discuss the progress made - and the work that remains - on the journey towards reconciliation than National #IndigenousPeoplesDay! https://t.co/lmpS2TEt6G", "extended_entities": {"media": [{"id": 1407030219001696262, "url": "https://t.co/lmpS2TEt6G", "type": "photo", "sizes": {"large": {"h": 889, "w": 1562, "resize": "fit"}, "small": {"h": 387, "w": 680, "resize": "fit"}, "thumb": {"h": 150, "w": 150, "resize": "crop"}, "medium": {"h": 683, "w": 1200, "resize": "fit"}}, "id_str": "1407030219001696262", "indices": [241, 264], "media_url": "http://pbs.twimg.com/media/E4bGh4fWEAYE_Qn.jpg", "display_url": "pic.twitter.com/lmpS2TEt6G", "expanded_url": "https://twitter.com/JaimeBattiste/status/1407031484989456389/photo/1", "media_url_https": "https://pbs.twimg.com/media/E4bGh4fWEAYE_Qn.jpg"}]}, "display_text_range": [0, 240]}, "favorite_count": 10, "is_quote_status": false, "display_text_range": [0, 140], "possibly_sensitive": false, "in_reply_to_user_id": null, "in_reply_to_status_id": null, "in_reply_to_screen_name": null, "in_reply_to_user_id_str": null, "in_reply_to_status_id_str": null}, "retweet_count": 0, "extended_tweet": {"entities": {"urls": [], "symbols": [], "hashtags": [{"text": "Journ\u00e9eDesPeuplesAutochtones", "indices": [251, 280]}], "user_mentions": []}, "full_text": "J\u2019ai rencontr\u00e9 des membres du caucus autochtone aujourd\u2019hui. Notre \u00e9quipe est d\u00e9termin\u00e9e \u00e0 miser sur les progr\u00e8s r\u00e9alis\u00e9s \u00e0 ce jour. On va travailler ensemble et avec les peuples autochtones pour r\u00e9gler les enjeux actuels et b\u00e2tir un avenir meilleur. #Journ\u00e9eDesPeuplesAutochtones", "display_text_range": [0, 280]}, "favorite_count": 0, "is_quote_status": true, "quoted_status_id": 1407031484989456389, "in_reply_to_user_id": null, "quoted_status_id_str": "1407031484989456389", "in_reply_to_status_id": null, "in_reply_to_screen_name": null, "in_reply_to_user_id_str": null, "quoted_status_permalink": {"url": "https://t.co/4IYb46CGre", "display": "twitter.com/jaimebattiste/\u2026", "expanded": "https://twitter.com/jaimebattiste/status/1407031484989456389"}, "in_reply_to_status_id_str": null}