{"id": 1406961912508784645, "geo": null, "lang": "fr", "text": "Notre gouvernement veut corriger les torts du pass\u00e9 et r\u00e9gler les enjeux qui existent encore, et nous le ferons en\u2026 https://t.co/KNUEIe70db", "user": {"id": 14260960, "url": "https://pm.gc.ca/", "lang": null, "name": "Justin Trudeau", "id_str": "14260960", "location": "Papineau", "verified": true, "following": null, "protected": false, "time_zone": null, "created_at": "Sun Mar 30 21:04:14 +0000 2008", "utc_offset": null, "description": "Father, husband, 23rd Prime Minister of Canada. Account run by PM & staff. Papa, mari, 23e premier ministre du Canada. Compte g\u00e9r\u00e9 par le PM et son personnel.", "geo_enabled": true, "screen_name": "JustinTrudeau", "listed_count": 14307, "friends_count": 941, "is_translator": false, "notifications": null, "statuses_count": 35106, "default_profile": false, "followers_count": 5655710, "translator_type": "none", "favourites_count": 117, "profile_image_url": "http://pbs.twimg.com/profile_images/1325097364542119936/opMrhjvW_normal.jpg", "profile_banner_url": "https://pbs.twimg.com/profile_banners/14260960/1604761077", "profile_link_color": "B50000", "profile_text_color": "000000", "follow_request_sent": null, "contributors_enabled": false, "default_profile_image": false, "withheld_in_countries": [], "profile_background_tile": false, "profile_image_url_https": "https://pbs.twimg.com/profile_images/1325097364542119936/opMrhjvW_normal.jpg", "profile_background_color": "DBDCDD", "profile_sidebar_fill_color": "B80B0B", "profile_background_image_url": "http://abs.twimg.com/images/themes/theme1/bg.png", "profile_sidebar_border_color": "FFFFFF", "profile_use_background_image": false, "profile_background_image_url_https": "https://abs.twimg.com/images/themes/theme1/bg.png"}, "place": null, "id_str": "1406961912508784645", "source": "<a href=\"http://twitter.com/download/iphone\" rel=\"nofollow\">Twitter for iPhone</a>", "entities": {"urls": [{"url": "https://t.co/KNUEIe70db", "indices": [116, 139], "display_url": "twitter.com/i/web/status/1\u2026", "expanded_url": "https://twitter.com/i/web/status/1406961912508784645"}], "symbols": [], "hashtags": [], "user_mentions": []}, "favorited": false, "retweeted": false, "truncated": true, "created_at": "Mon Jun 21 13:07:14 +0000 2021", "coordinates": null, "quote_count": 0, "reply_count": 0, "contributors": null, "filter_level": "low", "timestamp_ms": "1624280834687", "retweet_count": 0, "extended_tweet": {"entities": {"urls": [{"url": "https://t.co/nnR2Ih1r9Q", "indices": [257, 280], "display_url": "pm.gc.ca/fr/nouvelles/d\u2026", "expanded_url": "https://pm.gc.ca/fr/nouvelles/declarations/2021/06/21/declaration-du-premier-ministre-loccasion-de-la-journee-nationale"}], "symbols": [], "hashtags": [], "user_mentions": []}, "full_text": "Notre gouvernement veut corriger les torts du pass\u00e9 et r\u00e9gler les enjeux qui existent encore, et nous le ferons en partenariat avec les peuples autochtones. Lisez ma d\u00e9claration sur nos progr\u00e8s et notre engagement \u00e0 tracer la voie vers un avenir meilleur : https://t.co/nnR2Ih1r9Q", "display_text_range": [0, 280]}, "favorite_count": 0, "is_quote_status": false, "possibly_sensitive": false, "in_reply_to_user_id": 14260960, "in_reply_to_status_id": 1406961909665050630, "in_reply_to_screen_name": "JustinTrudeau", "in_reply_to_user_id_str": "14260960", "in_reply_to_status_id_str": "1406961909665050630"}