{"id": 1406295486290612225, "geo": null, "lang": "fr", "text": "La Semaine nationale de la fonction publique s\u2019ach\u00e8ve, mais le travail des fonctionnaires canadiens continue. Pour\u2026 https://t.co/kv1mfsL4nn", "user": {"id": 14260960, "url": "https://pm.gc.ca/", "lang": null, "name": "Justin Trudeau", "id_str": "14260960", "location": "Papineau", "verified": true, "following": null, "protected": false, "time_zone": null, "created_at": "Sun Mar 30 21:04:14 +0000 2008", "utc_offset": null, "description": "Father, husband, 23rd Prime Minister of Canada. Account run by PM & staff. Papa, mari, 23e premier ministre du Canada. Compte g\u00e9r\u00e9 par le PM et son personnel.", "geo_enabled": true, "screen_name": "JustinTrudeau", "listed_count": 14306, "friends_count": 941, "is_translator": false, "notifications": null, "statuses_count": 35091, "default_profile": false, "followers_count": 5654430, "translator_type": "none", "favourites_count": 117, "profile_image_url": "http://pbs.twimg.com/profile_images/1325097364542119936/opMrhjvW_normal.jpg", "profile_banner_url": "https://pbs.twimg.com/profile_banners/14260960/1604761077", "profile_link_color": "B50000", "profile_text_color": "000000", "follow_request_sent": null, "contributors_enabled": false, "default_profile_image": false, "withheld_in_countries": [], "profile_background_tile": false, "profile_image_url_https": "https://pbs.twimg.com/profile_images/1325097364542119936/opMrhjvW_normal.jpg", "profile_background_color": "DBDCDD", "profile_sidebar_fill_color": "B80B0B", "profile_background_image_url": "http://abs.twimg.com/images/themes/theme1/bg.png", "profile_sidebar_border_color": "FFFFFF", "profile_use_background_image": false, "profile_background_image_url_https": "https://abs.twimg.com/images/themes/theme1/bg.png"}, "place": null, "id_str": "1406295486290612225", "source": "<a href=\"http://twitter.com/download/iphone\" rel=\"nofollow\">Twitter for iPhone</a>", "entities": {"urls": [{"url": "https://t.co/kv1mfsL4nn", "indices": [116, 139], "display_url": "twitter.com/i/web/status/1\u2026", "expanded_url": "https://twitter.com/i/web/status/1406295486290612225"}], "symbols": [], "hashtags": [], "user_mentions": []}, "favorited": false, "retweeted": false, "truncated": true, "created_at": "Sat Jun 19 16:59:06 +0000 2021", "coordinates": null, "quote_count": 0, "reply_count": 0, "contributors": null, "filter_level": "low", "timestamp_ms": "1624121946295", "quoted_status": {"id": 1405920755653677064, "geo": null, "lang": "fr", "text": "Une pand\u00e9mie de plus de 16 mois. Une transformation compl\u00e8te de notre fa\u00e7on de travailler et de vivre. La fiert\u00e9 po\u2026 https://t.co/0zTNjfFy06", "user": {"id": 1200114324116844545, "url": "http://canada.ca/gcnumerique", "lang": null, "name": "Gouvernement num\u00e9rique", "id_str": "1200114324116844545", "location": "Canada", "verified": false, "following": null, "protected": false, "time_zone": null, "created_at": "Thu Nov 28 18:08:57 +0000 2019", "utc_offset": null, "description": "Follow us in English: @DigitalCDN\nAvis: http://bit.ly/2hoEdSP", "geo_enabled": false, "screen_name": "CDNnumerique", "listed_count": 10, "friends_count": 76, "is_translator": false, "notifications": null, "statuses_count": 1499, "default_profile": true, "followers_count": 565, "translator_type": "none", "favourites_count": 2, "profile_image_url": "http://pbs.twimg.com/profile_images/1305514470438047747/b7ld0XjZ_normal.png", "profile_banner_url": "https://pbs.twimg.com/profile_banners/1200114324116844545/1623769022", "profile_link_color": "1DA1F2", "profile_text_color": "333333", "follow_request_sent": null, "contributors_enabled": false, "default_profile_image": false, "withheld_in_countries": [], "profile_background_tile": false, "profile_image_url_https": "https://pbs.twimg.com/profile_images/1305514470438047747/b7ld0XjZ_normal.png", "profile_background_color": "F5F8FA", "profile_sidebar_fill_color": "DDEEF6", "profile_background_image_url": "", "profile_sidebar_border_color": "C0DEED", "profile_use_background_image": true, "profile_background_image_url_https": ""}, "place": null, "id_str": "1405920755653677064", "source": "<a href=\"https://www.hootsuite.com\" rel=\"nofollow\">Hootsuite Inc.</a>", "entities": {"urls": [{"url": "https://t.co/0zTNjfFy06", "indices": [117, 140], "display_url": "twitter.com/i/web/status/1\u2026", "expanded_url": "https://twitter.com/i/web/status/1405920755653677064"}], "symbols": [], "hashtags": [], "user_mentions": []}, "favorited": false, "retweeted": false, "truncated": true, "created_at": "Fri Jun 18 16:10:03 +0000 2021", "coordinates": null, "quote_count": 2, "reply_count": 0, "contributors": null, "filter_level": "low", "retweet_count": 1, "extended_tweet": {"entities": {"urls": [{"url": "https://t.co/p3KZS4lPoq", "indices": [255, 278], "display_url": "ow.ly/QUXp50FdDJ4", "expanded_url": "http://ow.ly/QUXp50FdDJ4"}], "media": [{"id": 1405920753871212548, "url": "https://t.co/pqYfhyegG8", "type": "photo", "sizes": {"large": {"h": 628, "w": 1200, "resize": "fit"}, "small": {"h": 356, "w": 680, "resize": "fit"}, "thumb": {"h": 150, "w": 150, "resize": "crop"}, "medium": {"h": 628, "w": 1200, "resize": "fit"}}, "id_str": "1405920753871212548", "indices": [279, 302], "media_url": "http://pbs.twimg.com/media/E4LVegzX0AQS4SF.jpg", "description": "\u00ab Nous avons une fonction publique remarquable. Et tout au long de la pand\u00e9mie, je pense que les Canadiens ont pris conscience de l\u2019importance des fonctionnaires et de la chance que nous avons d\u2019avoir une fonction publique aussi professionnelle, capable de s\u2019adapter en un clin d\u2019\u0153il et de changer compl\u00e8tement sa fa\u00e7on de travailler. \u00bb  Greg Fergus, le secr\u00e9taire parlementaire ", "display_url": "pic.twitter.com/pqYfhyegG8", "expanded_url": "https://twitter.com/CDNnumerique/status/1405920755653677064/photo/1", "media_url_https": "https://pbs.twimg.com/media/E4LVegzX0AQS4SF.jpg"}], "symbols": [], "hashtags": [{"text": "LaVieEnNum\u00e9rique", "indices": [221, 238]}, {"text": "SNFP", "indices": [248, 253]}], "user_mentions": []}, "full_text": "Une pand\u00e9mie de plus de 16 mois. Une transformation compl\u00e8te de notre fa\u00e7on de travailler et de vivre. La fiert\u00e9 pour la fonction publique. L'antiracisme.  \n\nCes sujets et d'autres sont abord\u00e9s dans le dernier article de #LaVieEnNum\u00e9rique en cette #SNFP: https://t.co/p3KZS4lPoq https://t.co/pqYfhyegG8", "extended_entities": {"media": [{"id": 1405920753871212548, "url": "https://t.co/pqYfhyegG8", "type": "photo", "sizes": {"large": {"h": 628, "w": 1200, "resize": "fit"}, "small": {"h": 356, "w": 680, "resize": "fit"}, "thumb": {"h": 150, "w": 150, "resize": "crop"}, "medium": {"h": 628, "w": 1200, "resize": "fit"}}, "id_str": "1405920753871212548", "indices": [279, 302], "media_url": "http://pbs.twimg.com/media/E4LVegzX0AQS4SF.jpg", "description": "\u00ab Nous avons une fonction publique remarquable. Et tout au long de la pand\u00e9mie, je pense que les Canadiens ont pris conscience de l\u2019importance des fonctionnaires et de la chance que nous avons d\u2019avoir une fonction publique aussi professionnelle, capable de s\u2019adapter en un clin d\u2019\u0153il et de changer compl\u00e8tement sa fa\u00e7on de travailler. \u00bb  Greg Fergus, le secr\u00e9taire parlementaire ", "display_url": "pic.twitter.com/pqYfhyegG8", "expanded_url": "https://twitter.com/CDNnumerique/status/1405920755653677064/photo/1", "media_url_https": "https://pbs.twimg.com/media/E4LVegzX0AQS4SF.jpg"}]}, "display_text_range": [0, 278]}, "favorite_count": 1, "is_quote_status": false, "display_text_range": [0, 140], "possibly_sensitive": false, "in_reply_to_user_id": null, "in_reply_to_status_id": null, "in_reply_to_screen_name": null, "in_reply_to_user_id_str": null, "in_reply_to_status_id_str": null}, "retweet_count": 0, "extended_tweet": {"entities": {"urls": [], "symbols": [], "hashtags": [], "user_mentions": [{"id": 45848808, "name": "Greg Fergus", "id_str": "45848808", "indices": [264, 275], "screen_name": "GregFergus"}]}, "full_text": "La Semaine nationale de la fonction publique s\u2019ach\u00e8ve, mais le travail des fonctionnaires canadiens continue. Pour des d\u00e9tails sur le travail qu\u2019ils font, les remerciements qu\u2019on leur doit et les changements qu\u2019on peut faire ensemble, regardez cette entrevue avec @GregFergus :", "display_text_range": [0, 277]}, "favorite_count": 0, "is_quote_status": true, "quoted_status_id": 1405920755653677064, "in_reply_to_user_id": null, "quoted_status_id_str": "1405920755653677064", "in_reply_to_status_id": null, "in_reply_to_screen_name": null, "in_reply_to_user_id_str": null, "quoted_status_permalink": {"url": "https://t.co/5od7HnK7MQ", "display": "twitter.com/cdnnumerique/s\u2026", "expanded": "https://twitter.com/cdnnumerique/status/1405920755653677064"}, "in_reply_to_status_id_str": null}