{"id": 1405316690800529408, "geo": null, "lang": "fr", "text": "RT @BillBlair: Nous serons toujours l\u00e0 pour les communaut\u00e9s autochtones dans leurs luttes contre la #COVID19. Nous avons approuv\u00e9 une deman\u2026", "user": {"id": 14260960, "url": "https://pm.gc.ca/", "lang": null, "name": "Justin Trudeau", "id_str": "14260960", "location": "Papineau", "verified": true, "following": null, "protected": false, "time_zone": null, "created_at": "Sun Mar 30 21:04:14 +0000 2008", "utc_offset": null, "description": "Father, husband, 23rd Prime Minister of Canada. Account run by PM & staff. Papa, mari, 23e premier ministre du Canada. Compte g\u00e9r\u00e9 par le PM et son personnel.", "geo_enabled": true, "screen_name": "JustinTrudeau", "listed_count": 14303, "friends_count": 941, "is_translator": false, "notifications": null, "statuses_count": 35032, "default_profile": false, "followers_count": 5651791, "translator_type": "none", "favourites_count": 117, "profile_image_url": "http://pbs.twimg.com/profile_images/1325097364542119936/opMrhjvW_normal.jpg", "profile_banner_url": "https://pbs.twimg.com/profile_banners/14260960/1604761077", "profile_link_color": "B50000", "profile_text_color": "000000", "follow_request_sent": null, "contributors_enabled": false, "default_profile_image": false, "withheld_in_countries": [], "profile_background_tile": false, "profile_image_url_https": "https://pbs.twimg.com/profile_images/1325097364542119936/opMrhjvW_normal.jpg", "profile_background_color": "DBDCDD", "profile_sidebar_fill_color": "B80B0B", "profile_background_image_url": "http://abs.twimg.com/images/themes/theme1/bg.png", "profile_sidebar_border_color": "FFFFFF", "profile_use_background_image": false, "profile_background_image_url_https": "https://abs.twimg.com/images/themes/theme1/bg.png"}, "place": null, "id_str": "1405316690800529408", "source": "<a href=\"http://twitter.com/download/iphone\" rel=\"nofollow\">Twitter for iPhone</a>", "entities": {"urls": [], "symbols": [], "hashtags": [{"text": "COVID19", "indices": [100, 108]}], "user_mentions": [{"id": 3196494064, "name": "Bill Blair", "id_str": "3196494064", "indices": [3, 13], "screen_name": "BillBlair"}]}, "favorited": false, "retweeted": false, "truncated": false, "created_at": "Thu Jun 17 00:09:43 +0000 2021", "coordinates": null, "quote_count": 0, "reply_count": 0, "contributors": null, "filter_level": "low", "timestamp_ms": "1623888583265", "retweet_count": 0, "favorite_count": 0, "is_quote_status": false, "retweeted_status": {"id": 1405248282515886095, "geo": null, "lang": "fr", "text": "Nous serons toujours l\u00e0 pour les communaut\u00e9s autochtones dans leurs luttes contre la #COVID19. Nous avons approuv\u00e9\u2026 https://t.co/xFi3RxK4iI", "user": {"id": 3196494064, "url": "http://bblair.liberal.ca/", "lang": null, "name": "Bill Blair", "id_str": "3196494064", "location": "Scarborough, ON", "verified": true, "following": null, "protected": false, "time_zone": null, "created_at": "Thu Apr 23 01:11:34 +0000 2015", "utc_offset": null, "description": "MP for Scarborough Southwest. Minister of Public Safety and Emergency Preparedness. Raised in Scarborough. Former Toronto Chief of Police.", "geo_enabled": true, "screen_name": "BillBlair", "listed_count": 307, "friends_count": 582, "is_translator": false, "notifications": null, "statuses_count": 6261, "default_profile": false, "followers_count": 31391, "translator_type": "none", "favourites_count": 2701, "profile_image_url": "http://pbs.twimg.com/profile_images/834822203480879110/ahbg4IMF_normal.jpg", "profile_banner_url": "https://pbs.twimg.com/profile_banners/3196494064/1597497128", "profile_link_color": "D71920", "profile_text_color": "000000", "follow_request_sent": null, "contributors_enabled": false, "default_profile_image": false, "withheld_in_countries": [], "profile_background_tile": false, "profile_image_url_https": "https://pbs.twimg.com/profile_images/834822203480879110/ahbg4IMF_normal.jpg", "profile_background_color": "000000", "profile_sidebar_fill_color": "000000", "profile_background_image_url": "http://abs.twimg.com/images/themes/theme1/bg.png", "profile_sidebar_border_color": "000000", "profile_use_background_image": true, "profile_background_image_url_https": "https://abs.twimg.com/images/themes/theme1/bg.png"}, "place": null, "id_str": "1405248282515886095", "source": "<a href=\"http://twitter.com/download/iphone\" rel=\"nofollow\">Twitter for iPhone</a>", "entities": {"urls": [{"url": "https://t.co/xFi3RxK4iI", "indices": [116, 139], "display_url": "twitter.com/i/web/status/1\u2026", "expanded_url": "https://twitter.com/i/web/status/1405248282515886095"}], "symbols": [], "hashtags": [{"text": "COVID19", "indices": [85, 93]}], "user_mentions": []}, "favorited": false, "retweeted": false, "truncated": true, "created_at": "Wed Jun 16 19:37:53 +0000 2021", "coordinates": null, "quote_count": 1, "reply_count": 2, "contributors": null, "filter_level": "low", "retweet_count": 2, "extended_tweet": {"entities": {"urls": [], "symbols": [], "hashtags": [{"text": "COVID19", "indices": [85, 93]}], "user_mentions": []}, "full_text": "Nous serons toujours l\u00e0 pour les communaut\u00e9s autochtones dans leurs luttes contre la #COVID19. Nous avons approuv\u00e9 une demande d'aide suppl\u00e9mentaire pour la Premi\u00e8re Nation de Kashechewan.", "display_text_range": [0, 188]}, "favorite_count": 9, "is_quote_status": false, "in_reply_to_user_id": null, "in_reply_to_status_id": null, "in_reply_to_screen_name": null, "in_reply_to_user_id_str": null, "in_reply_to_status_id_str": null}, "in_reply_to_user_id": null, "in_reply_to_status_id": null, "in_reply_to_screen_name": null, "in_reply_to_user_id_str": null, "in_reply_to_status_id_str": null}