{"id": 1405312639379591173, "geo": null, "lang": "en", "text": "RT @DavidLametti: The adoption of #C15 on #UNDRIP marks an important step forward for Canada, for Indigenous People and for reconciliation.\u2026", "user": {"id": 14260960, "url": "https://pm.gc.ca/", "lang": null, "name": "Justin Trudeau", "id_str": "14260960", "location": "Papineau", "verified": true, "following": null, "protected": false, "time_zone": null, "created_at": "Sun Mar 30 21:04:14 +0000 2008", "utc_offset": null, "description": "Father, husband, 23rd Prime Minister of Canada. Account run by PM & staff. Papa, mari, 23e premier ministre du Canada. Compte g\u00e9r\u00e9 par le PM et son personnel.", "geo_enabled": true, "screen_name": "JustinTrudeau", "listed_count": 14303, "friends_count": 941, "is_translator": false, "notifications": null, "statuses_count": 35031, "default_profile": false, "followers_count": 5651779, "translator_type": "none", "favourites_count": 117, "profile_image_url": "http://pbs.twimg.com/profile_images/1325097364542119936/opMrhjvW_normal.jpg", "profile_banner_url": "https://pbs.twimg.com/profile_banners/14260960/1604761077", "profile_link_color": "B50000", "profile_text_color": "000000", "follow_request_sent": null, "contributors_enabled": false, "default_profile_image": false, "withheld_in_countries": [], "profile_background_tile": false, "profile_image_url_https": "https://pbs.twimg.com/profile_images/1325097364542119936/opMrhjvW_normal.jpg", "profile_background_color": "DBDCDD", "profile_sidebar_fill_color": "B80B0B", "profile_background_image_url": "http://abs.twimg.com/images/themes/theme1/bg.png", "profile_sidebar_border_color": "FFFFFF", "profile_use_background_image": false, "profile_background_image_url_https": "https://abs.twimg.com/images/themes/theme1/bg.png"}, "place": null, "id_str": "1405312639379591173", "source": "<a href=\"http://twitter.com/download/iphone\" rel=\"nofollow\">Twitter for iPhone</a>", "entities": {"urls": [], "symbols": [], "hashtags": [{"text": "C15", "indices": [34, 38]}, {"text": "UNDRIP", "indices": [42, 49]}], "user_mentions": [{"id": 1360838234, "name": "David Lametti", "id_str": "1360838234", "indices": [3, 16], "screen_name": "DavidLametti"}]}, "favorited": false, "retweeted": false, "truncated": false, "created_at": "Wed Jun 16 23:53:37 +0000 2021", "coordinates": null, "quote_count": 0, "reply_count": 0, "contributors": null, "filter_level": "low", "timestamp_ms": "1623887617331", "retweet_count": 0, "favorite_count": 0, "is_quote_status": false, "retweeted_status": {"id": 1405275491695661062, "geo": null, "lang": "en", "text": "The adoption of #C15 on #UNDRIP marks an important step forward for Canada, for Indigenous People and for reconcili\u2026 https://t.co/9OdRDfvBbO", "user": {"id": 1360838234, "url": "http://dlametti.liberal.ca/", "lang": null, "name": "David Lametti", "id_str": "1360838234", "location": "Montreal", "verified": true, "following": null, "protected": false, "time_zone": null, "created_at": "Thu Apr 18 02:28:56 +0000 2013", "utc_offset": null, "description": "D\u00e9put\u00e9/MP LaSalle-\u00c9mard-Verdun. Ministre de la Justice & procureur g\u00e9n\u00e9ral du Canada / Minister of Justice & Attorney General of Canada. Il / Lui / He / Him", "geo_enabled": true, "screen_name": "DavidLametti", "listed_count": 219, "friends_count": 1748, "is_translator": false, "notifications": null, "statuses_count": 7189, "default_profile": false, "followers_count": 13365, "translator_type": "none", "favourites_count": 4624, "profile_image_url": "http://pbs.twimg.com/profile_images/1085281835070951424/EBBXzBxo_normal.jpg", "profile_banner_url": "https://pbs.twimg.com/profile_banners/1360838234/1610674759", "profile_link_color": "E81C4F", "profile_text_color": "000000", "follow_request_sent": null, "contributors_enabled": false, "default_profile_image": false, "withheld_in_countries": [], "profile_background_tile": false, "profile_image_url_https": "https://pbs.twimg.com/profile_images/1085281835070951424/EBBXzBxo_normal.jpg", "profile_background_color": "000000", "profile_sidebar_fill_color": "000000", "profile_background_image_url": "http://abs.twimg.com/images/themes/theme1/bg.png", "profile_sidebar_border_color": "000000", "profile_use_background_image": false, "profile_background_image_url_https": "https://abs.twimg.com/images/themes/theme1/bg.png"}, "place": null, "id_str": "1405275491695661062", "source": "<a href=\"http://twitter.com/download/iphone\" rel=\"nofollow\">Twitter for iPhone</a>", "entities": {"urls": [{"url": "https://t.co/9OdRDfvBbO", "indices": [117, 140], "display_url": "twitter.com/i/web/status/1\u2026", "expanded_url": "https://twitter.com/i/web/status/1405275491695661062"}], "symbols": [], "hashtags": [{"text": "C15", "indices": [16, 20]}, {"text": "UNDRIP", "indices": [24, 31]}], "user_mentions": []}, "favorited": false, "retweeted": false, "truncated": true, "created_at": "Wed Jun 16 21:26:00 +0000 2021", "coordinates": null, "quote_count": 6, "reply_count": 4, "contributors": null, "filter_level": "low", "retweet_count": 24, "extended_tweet": {"entities": {"urls": [], "symbols": [], "hashtags": [{"text": "C15", "indices": [16, 20]}, {"text": "UNDRIP", "indices": [24, 31]}], "user_mentions": []}, "full_text": "The adoption of #C15 on #UNDRIP marks an important step forward for Canada, for Indigenous People and for reconciliation. The Declaration provides a roadmap to a better Canada. Its implementation will mark a new chapter in our collective history, one we will write together.", "display_text_range": [0, 274]}, "favorite_count": 65, "is_quote_status": false, "in_reply_to_user_id": null, "in_reply_to_status_id": null, "in_reply_to_screen_name": null, "in_reply_to_user_id_str": null, "in_reply_to_status_id_str": null}, "in_reply_to_user_id": null, "in_reply_to_status_id": null, "in_reply_to_screen_name": null, "in_reply_to_user_id_str": null, "in_reply_to_status_id_str": null}