{"id": 1405304071251189761, "geo": null, "lang": "fr", "text": "RT @Carolyn_Bennett: Ce soir, le S\u00e9nat a adopt\u00e9 le projet de loi C-15. La prochaine \u00e9tape est la sanction royale. Depuis 2016, notre gouver\u2026", "user": {"id": 14260960, "url": "https://pm.gc.ca/", "lang": null, "name": "Justin Trudeau", "id_str": "14260960", "location": "Papineau", "verified": true, "following": null, "protected": false, "time_zone": null, "created_at": "Sun Mar 30 21:04:14 +0000 2008", "utc_offset": null, "description": "Father, husband, 23rd Prime Minister of Canada. Account run by PM & staff. Papa, mari, 23e premier ministre du Canada. Compte g\u00e9r\u00e9 par le PM et son personnel.", "geo_enabled": true, "screen_name": "JustinTrudeau", "listed_count": 14303, "friends_count": 941, "is_translator": false, "notifications": null, "statuses_count": 35028, "default_profile": false, "followers_count": 5651759, "translator_type": "none", "favourites_count": 117, "profile_image_url": "http://pbs.twimg.com/profile_images/1325097364542119936/opMrhjvW_normal.jpg", "profile_banner_url": "https://pbs.twimg.com/profile_banners/14260960/1604761077", "profile_link_color": "B50000", "profile_text_color": "000000", "follow_request_sent": null, "contributors_enabled": false, "default_profile_image": false, "withheld_in_countries": [], "profile_background_tile": false, "profile_image_url_https": "https://pbs.twimg.com/profile_images/1325097364542119936/opMrhjvW_normal.jpg", "profile_background_color": "DBDCDD", "profile_sidebar_fill_color": "B80B0B", "profile_background_image_url": "http://abs.twimg.com/images/themes/theme1/bg.png", "profile_sidebar_border_color": "FFFFFF", "profile_use_background_image": false, "profile_background_image_url_https": "https://abs.twimg.com/images/themes/theme1/bg.png"}, "place": null, "id_str": "1405304071251189761", "source": "<a href=\"http://twitter.com/download/iphone\" rel=\"nofollow\">Twitter for iPhone</a>", "entities": {"urls": [], "symbols": [], "hashtags": [], "user_mentions": [{"id": 40550119, "name": "Carolyn Bennett", "id_str": "40550119", "indices": [3, 19], "screen_name": "Carolyn_Bennett"}]}, "favorited": false, "retweeted": false, "truncated": false, "created_at": "Wed Jun 16 23:19:34 +0000 2021", "coordinates": null, "quote_count": 0, "reply_count": 0, "contributors": null, "filter_level": "low", "timestamp_ms": "1623885574530", "quoted_status": {"id": 1405286041947238403, "geo": null, "lang": "fr", "text": "Aujourd\u2019hui, le @SenatCA a adopt\u00e9 le projet de loi #C15. Visitez https://t.co/lrl7KSrzRH pour en savoir plus sur la\u2026 https://t.co/NNn12ygLkN", "user": {"id": 847509012, "url": "http://www.justice.gc.ca/", "lang": null, "name": "Justice Canada", "id_str": "847509012", "location": "Canada", "verified": true, "following": null, "protected": false, "time_zone": null, "created_at": "Wed Sep 26 14:34:01 +0000 2012", "utc_offset": null, "description": "Compte de Twitter officiel du minist\u00e8re de la Justice du Canada. English: @JusticeCanadaEn Avis : http://ow.ly/r3Eg3", "geo_enabled": false, "screen_name": "JusticeCanadaFR", "listed_count": 111, "friends_count": 129, "is_translator": false, "notifications": null, "statuses_count": 6702, "default_profile": false, "followers_count": 7313, "translator_type": "none", "favourites_count": 33, "profile_image_url": "http://pbs.twimg.com/profile_images/1400178625656336394/XIB3GVz5_normal.jpg", "profile_banner_url": "https://pbs.twimg.com/profile_banners/847509012/1622664540", "profile_link_color": "0084B4", "profile_text_color": "333333", "follow_request_sent": null, "contributors_enabled": false, "default_profile_image": false, "withheld_in_countries": [], "profile_background_tile": false, "profile_image_url_https": "https://pbs.twimg.com/profile_images/1400178625656336394/XIB3GVz5_normal.jpg", "profile_background_color": "FFFFFF", "profile_sidebar_fill_color": "DDEEF6", "profile_background_image_url": "http://abs.twimg.com/images/themes/theme1/bg.png", "profile_sidebar_border_color": "FFFFFF", "profile_use_background_image": true, "profile_background_image_url_https": "https://abs.twimg.com/images/themes/theme1/bg.png"}, "place": null, "id_str": "1405286041947238403", "source": "<a href=\"https://mobile.twitter.com\" rel=\"nofollow\">Twitter Web App</a>", "entities": {"urls": [{"url": "https://t.co/lrl7KSrzRH", "indices": [65, 88], "display_url": "Canada.ca/Declaration", "expanded_url": "http://Canada.ca/Declaration"}, {"url": "https://t.co/NNn12ygLkN", "indices": [117, 140], "display_url": "twitter.com/i/web/status/1\u2026", "expanded_url": "https://twitter.com/i/web/status/1405286041947238403"}], "symbols": [], "hashtags": [{"text": "C15", "indices": [51, 55]}], "user_mentions": [{"id": 380491526, "name": "Le S\u00e9nat du Canada", "id_str": "380491526", "indices": [16, 24], "screen_name": "SenatCA"}]}, "favorited": false, "retweeted": false, "truncated": true, "created_at": "Wed Jun 16 22:07:56 +0000 2021", "coordinates": null, "quote_count": 2, "reply_count": 1, "contributors": null, "filter_level": "low", "retweet_count": 2, "extended_tweet": {"entities": {"urls": [{"url": "https://t.co/lrl7KSrzRH", "indices": [65, 88], "display_url": "Canada.ca/Declaration", "expanded_url": "http://Canada.ca/Declaration"}], "media": [{"id": 1405285673523843072, "url": "https://t.co/3vOSO9uRjS", "type": "photo", "sizes": {"large": {"h": 1024, "w": 2048, "resize": "fit"}, "small": {"h": 340, "w": 680, "resize": "fit"}, "thumb": {"h": 150, "w": 150, "resize": "crop"}, "medium": {"h": 600, "w": 1200, "resize": "fit"}}, "id_str": "1405285673523843072", "indices": [263, 286], "media_url": "http://pbs.twimg.com/media/E4CT3-JVkAA9K3Q.jpg", "display_url": "pic.twitter.com/3vOSO9uRjS", "expanded_url": "https://twitter.com/JusticeCanadaFR/status/1405286041947238403/photo/1", "media_url_https": "https://pbs.twimg.com/media/E4CT3-JVkAA9K3Q.jpg"}], "symbols": [], "hashtags": [{"text": "C15", "indices": [51, 55]}, {"text": "DNUDPA", "indices": [116, 123]}], "user_mentions": [{"id": 380491526, "name": "Le S\u00e9nat du Canada", "id_str": "380491526", "indices": [16, 24], "screen_name": "SenatCA"}]}, "full_text": "Aujourd\u2019hui, le @SenatCA a adopt\u00e9 le projet de loi #C15. Visitez https://t.co/lrl7KSrzRH pour en savoir plus sur la #DNUDPA et sur la fa\u00e7on dont cette loi cr\u00e9e une feuille de route pour la mise en \u0153uvre de la D\u00e9claration par le Canada et les peuples autochtones. https://t.co/3vOSO9uRjS", "extended_entities": {"media": [{"id": 1405285673523843072, "url": "https://t.co/3vOSO9uRjS", "type": "photo", "sizes": {"large": {"h": 1024, "w": 2048, "resize": "fit"}, "small": {"h": 340, "w": 680, "resize": "fit"}, "thumb": {"h": 150, "w": 150, "resize": "crop"}, "medium": {"h": 600, "w": 1200, "resize": "fit"}}, "id_str": "1405285673523843072", "indices": [263, 286], "media_url": "http://pbs.twimg.com/media/E4CT3-JVkAA9K3Q.jpg", "display_url": "pic.twitter.com/3vOSO9uRjS", "expanded_url": "https://twitter.com/JusticeCanadaFR/status/1405286041947238403/photo/1", "media_url_https": "https://pbs.twimg.com/media/E4CT3-JVkAA9K3Q.jpg"}]}, "display_text_range": [0, 262]}, "favorite_count": 1, "is_quote_status": true, "quoted_status_id": 1405279877184442370, "display_text_range": [0, 140], "possibly_sensitive": false, "in_reply_to_user_id": null, "quoted_status_id_str": "1405279877184442370", "in_reply_to_status_id": null, "in_reply_to_screen_name": null, "in_reply_to_user_id_str": null, "in_reply_to_status_id_str": null}, "retweet_count": 0, "favorite_count": 0, "is_quote_status": true, "quoted_status_id": 1405286041947238403, "retweeted_status": {"id": 1405295233898844162, "geo": null, "lang": "fr", "text": "Ce soir, le S\u00e9nat a adopt\u00e9 le projet de loi C-15. La prochaine \u00e9tape est la sanction royale. Depuis 2016, notre gou\u2026 https://t.co/dglQg1SRDU", "user": {"id": 40550119, "url": "https://carolynbennett.ca", "lang": null, "name": "Carolyn Bennett", "id_str": "40550119", "location": "Toronto, Canada", "verified": true, "following": null, "protected": false, "time_zone": null, "created_at": "Sat May 16 21:55:38 +0000 2009", "utc_offset": null, "description": "M.D.; Liberal M.P Toronto-St. Paul's; Minister of Crown-Indigenous Relations; RT NOT endorsement she/her/elle", "geo_enabled": true, "screen_name": "Carolyn_Bennett", "listed_count": 1081, "friends_count": 8873, "is_translator": false, "notifications": null, "statuses_count": 79698, "default_profile": true, "followers_count": 54031, "translator_type": "none", "favourites_count": 11742, "profile_image_url": "http://pbs.twimg.com/profile_images/1399018732228427781/s-03ze1D_normal.jpg", "profile_banner_url": "https://pbs.twimg.com/profile_banners/40550119/1585861214", "profile_link_color": "1DA1F2", "profile_text_color": "333333", "follow_request_sent": null, "contributors_enabled": false, "default_profile_image": false, "withheld_in_countries": [], "profile_background_tile": false, "profile_image_url_https": "https://pbs.twimg.com/profile_images/1399018732228427781/s-03ze1D_normal.jpg", "profile_background_color": "C0DEED", "profile_sidebar_fill_color": "DDEEF6", "profile_background_image_url": "http://abs.twimg.com/images/themes/theme1/bg.png", "profile_sidebar_border_color": "C0DEED", "profile_use_background_image": true, "profile_background_image_url_https": "https://abs.twimg.com/images/themes/theme1/bg.png"}, "place": null, "id_str": "1405295233898844162", "source": "<a href=\"https://mobile.twitter.com\" rel=\"nofollow\">Twitter Web App</a>", "entities": {"urls": [{"url": "https://t.co/dglQg1SRDU", "indices": [117, 140], "display_url": "twitter.com/i/web/status/1\u2026", "expanded_url": "https://twitter.com/i/web/status/1405295233898844162"}], "symbols": [], "hashtags": [], "user_mentions": []}, "favorited": false, "retweeted": false, "truncated": true, "created_at": "Wed Jun 16 22:44:27 +0000 2021", "coordinates": null, "quote_count": 0, "reply_count": 1, "contributors": null, "filter_level": "low", "quoted_status": {"id": 1405286041947238403, "geo": null, "lang": "fr", "text": "Aujourd\u2019hui, le @SenatCA a adopt\u00e9 le projet de loi #C15. Visitez https://t.co/lrl7KSrzRH pour en savoir plus sur la\u2026 https://t.co/NNn12ygLkN", "user": {"id": 847509012, "url": "http://www.justice.gc.ca/", "lang": null, "name": "Justice Canada", "id_str": "847509012", "location": "Canada", "verified": true, "following": null, "protected": false, "time_zone": null, "created_at": "Wed Sep 26 14:34:01 +0000 2012", "utc_offset": null, "description": "Compte de Twitter officiel du minist\u00e8re de la Justice du Canada. English: @JusticeCanadaEn Avis : http://ow.ly/r3Eg3", "geo_enabled": false, "screen_name": "JusticeCanadaFR", "listed_count": 111, "friends_count": 129, "is_translator": false, "notifications": null, "statuses_count": 6702, "default_profile": false, "followers_count": 7313, "translator_type": "none", "favourites_count": 33, "profile_image_url": "http://pbs.twimg.com/profile_images/1400178625656336394/XIB3GVz5_normal.jpg", "profile_banner_url": "https://pbs.twimg.com/profile_banners/847509012/1622664540", "profile_link_color": "0084B4", "profile_text_color": "333333", "follow_request_sent": null, "contributors_enabled": false, "default_profile_image": false, "withheld_in_countries": [], "profile_background_tile": false, "profile_image_url_https": "https://pbs.twimg.com/profile_images/1400178625656336394/XIB3GVz5_normal.jpg", "profile_background_color": "FFFFFF", "profile_sidebar_fill_color": "DDEEF6", "profile_background_image_url": "http://abs.twimg.com/images/themes/theme1/bg.png", "profile_sidebar_border_color": "FFFFFF", "profile_use_background_image": true, "profile_background_image_url_https": "https://abs.twimg.com/images/themes/theme1/bg.png"}, "place": null, "id_str": "1405286041947238403", "source": "<a href=\"https://mobile.twitter.com\" rel=\"nofollow\">Twitter Web App</a>", "entities": {"urls": [{"url": "https://t.co/lrl7KSrzRH", "indices": [65, 88], "display_url": "Canada.ca/Declaration", "expanded_url": "http://Canada.ca/Declaration"}, {"url": "https://t.co/NNn12ygLkN", "indices": [117, 140], "display_url": "twitter.com/i/web/status/1\u2026", "expanded_url": "https://twitter.com/i/web/status/1405286041947238403"}], "symbols": [], "hashtags": [{"text": "C15", "indices": [51, 55]}], "user_mentions": [{"id": 380491526, "name": "Le S\u00e9nat du Canada", "id_str": "380491526", "indices": [16, 24], "screen_name": "SenatCA"}]}, "favorited": false, "retweeted": false, "truncated": true, "created_at": "Wed Jun 16 22:07:56 +0000 2021", "coordinates": null, "quote_count": 2, "reply_count": 1, "contributors": null, "filter_level": "low", "retweet_count": 2, "extended_tweet": {"entities": {"urls": [{"url": "https://t.co/lrl7KSrzRH", "indices": [65, 88], "display_url": "Canada.ca/Declaration", "expanded_url": "http://Canada.ca/Declaration"}], "media": [{"id": 1405285673523843072, "url": "https://t.co/3vOSO9uRjS", "type": "photo", "sizes": {"large": {"h": 1024, "w": 2048, "resize": "fit"}, "small": {"h": 340, "w": 680, "resize": "fit"}, "thumb": {"h": 150, "w": 150, "resize": "crop"}, "medium": {"h": 600, "w": 1200, "resize": "fit"}}, "id_str": "1405285673523843072", "indices": [263, 286], "media_url": "http://pbs.twimg.com/media/E4CT3-JVkAA9K3Q.jpg", "display_url": "pic.twitter.com/3vOSO9uRjS", "expanded_url": "https://twitter.com/JusticeCanadaFR/status/1405286041947238403/photo/1", "media_url_https": "https://pbs.twimg.com/media/E4CT3-JVkAA9K3Q.jpg"}], "symbols": [], "hashtags": [{"text": "C15", "indices": [51, 55]}, {"text": "DNUDPA", "indices": [116, 123]}], "user_mentions": [{"id": 380491526, "name": "Le S\u00e9nat du Canada", "id_str": "380491526", "indices": [16, 24], "screen_name": "SenatCA"}]}, "full_text": "Aujourd\u2019hui, le @SenatCA a adopt\u00e9 le projet de loi #C15. Visitez https://t.co/lrl7KSrzRH pour en savoir plus sur la #DNUDPA et sur la fa\u00e7on dont cette loi cr\u00e9e une feuille de route pour la mise en \u0153uvre de la D\u00e9claration par le Canada et les peuples autochtones. https://t.co/3vOSO9uRjS", "extended_entities": {"media": [{"id": 1405285673523843072, "url": "https://t.co/3vOSO9uRjS", "type": "photo", "sizes": {"large": {"h": 1024, "w": 2048, "resize": "fit"}, "small": {"h": 340, "w": 680, "resize": "fit"}, "thumb": {"h": 150, "w": 150, "resize": "crop"}, "medium": {"h": 600, "w": 1200, "resize": "fit"}}, "id_str": "1405285673523843072", "indices": [263, 286], "media_url": "http://pbs.twimg.com/media/E4CT3-JVkAA9K3Q.jpg", "display_url": "pic.twitter.com/3vOSO9uRjS", "expanded_url": "https://twitter.com/JusticeCanadaFR/status/1405286041947238403/photo/1", "media_url_https": "https://pbs.twimg.com/media/E4CT3-JVkAA9K3Q.jpg"}]}, "display_text_range": [0, 262]}, "favorite_count": 1, "is_quote_status": true, "quoted_status_id": 1405279877184442370, "display_text_range": [0, 140], "possibly_sensitive": false, "in_reply_to_user_id": null, "quoted_status_id_str": "1405279877184442370", "in_reply_to_status_id": null, "in_reply_to_screen_name": null, "in_reply_to_user_id_str": null, "in_reply_to_status_id_str": null}, "retweet_count": 3, "extended_tweet": {"entities": {"urls": [], "symbols": [], "hashtags": [{"text": "DNUDPA", "indices": [189, 196]}], "user_mentions": []}, "full_text": "Ce soir, le S\u00e9nat a adopt\u00e9 le projet de loi C-15. La prochaine \u00e9tape est la sanction royale. Depuis 2016, notre gouvernement collabore avec des partenaires autochtones pour donner vie \u00e0 la #DNUDPA et l'inscrire dans le droit canadien.", "display_text_range": [0, 234]}, "favorite_count": 5, "is_quote_status": true, "quoted_status_id": 1405286041947238403, "in_reply_to_user_id": null, "quoted_status_id_str": "1405286041947238403", "in_reply_to_status_id": null, "in_reply_to_screen_name": null, "in_reply_to_user_id_str": null, "quoted_status_permalink": {"url": "https://t.co/2IGkWIvvny", "display": "twitter.com/JusticeCanadaF\u2026", "expanded": "https://twitter.com/JusticeCanadaFR/status/1405286041947238403"}, "in_reply_to_status_id_str": null}, "in_reply_to_user_id": null, "quoted_status_id_str": "1405286041947238403", "in_reply_to_status_id": null, "in_reply_to_screen_name": null, "in_reply_to_user_id_str": null, "quoted_status_permalink": {"url": "https://t.co/2IGkWIvvny", "display": "twitter.com/JusticeCanadaF\u2026", "expanded": "https://twitter.com/JusticeCanadaFR/status/1405286041947238403"}, "in_reply_to_status_id_str": null}