{"id": 1404977536573100035, "geo": null, "lang": "fr", "text": "Bonne saison de la Fiert\u00e9! \ud83c\udff3\ufe0f\u200d\ud83c\udf08\ud83c\udff3\ufe0f\u200d\u26a7\ufe0f\ud83c\udde8\ud83c\udde6 On n\u2019a pas pu se r\u00e9unir pour hisser ce drapeau ensemble, alors j\u2019ai bien h\u00e2t\u2026 https://t.co/Cemgh5hi1P", "user": {"id": 14260960, "url": "https://pm.gc.ca/", "lang": null, "name": "Justin Trudeau", "id_str": "14260960", "location": "Papineau", "verified": true, "following": null, "protected": false, "time_zone": null, "created_at": "Sun Mar 30 21:04:14 +0000 2008", "utc_offset": null, "description": "Father, husband, 23rd Prime Minister of Canada. Account run by PM & staff. Papa, mari, 23e premier ministre du Canada. Compte g\u00e9r\u00e9 par le PM et son personnel.", "geo_enabled": true, "screen_name": "JustinTrudeau", "listed_count": 14301, "friends_count": 941, "is_translator": false, "notifications": null, "statuses_count": 35022, "default_profile": false, "followers_count": 5650714, "translator_type": "none", "favourites_count": 117, "profile_image_url": "http://pbs.twimg.com/profile_images/1325097364542119936/opMrhjvW_normal.jpg", "profile_banner_url": "https://pbs.twimg.com/profile_banners/14260960/1604761077", "profile_link_color": "B50000", "profile_text_color": "000000", "follow_request_sent": null, "contributors_enabled": false, "default_profile_image": false, "withheld_in_countries": [], "profile_background_tile": false, "profile_image_url_https": "https://pbs.twimg.com/profile_images/1325097364542119936/opMrhjvW_normal.jpg", "profile_background_color": "DBDCDD", "profile_sidebar_fill_color": "B80B0B", "profile_background_image_url": "http://abs.twimg.com/images/themes/theme1/bg.png", "profile_sidebar_border_color": "FFFFFF", "profile_use_background_image": false, "profile_background_image_url_https": "https://abs.twimg.com/images/themes/theme1/bg.png"}, "place": null, "id_str": "1404977536573100035", "source": "<a href=\"http://twitter.com/download/iphone\" rel=\"nofollow\">Twitter for iPhone</a>", "entities": {"urls": [{"url": "https://t.co/Cemgh5hi1P", "indices": [117, 140], "display_url": "twitter.com/i/web/status/1\u2026", "expanded_url": "https://twitter.com/i/web/status/1404977536573100035"}], "symbols": [], "hashtags": [], "user_mentions": []}, "favorited": false, "retweeted": false, "truncated": true, "created_at": "Wed Jun 16 01:42:02 +0000 2021", "coordinates": null, "quote_count": 0, "reply_count": 0, "contributors": null, "filter_level": "low", "timestamp_ms": "1623807722596", "quoted_status": {"id": 1404910395718963203, "geo": null, "lang": "fr", "text": "Heureuse de me joindre virtuellement au PM @JustinTrudeau pour hisser le drapeau du Progr\u00e8s auj.! Faisons tous notr\u2026 https://t.co/OufTZ0Qvw7", "user": {"id": 2696723713, "url": "http://facebook.com/bardish.chagger", "lang": null, "name": "Bardish Chagger", "id_str": "2696723713", "location": "Waterloo, Ontario", "verified": true, "following": null, "protected": false, "time_zone": null, "created_at": "Thu Jul 31 21:59:57 +0000 2014", "utc_offset": null, "description": "MP for Waterloo | D\u00e9put\u00e9e pour Waterloo | Minister of Diversity and Inclusion and Youth | Ministre de la Diversit\u00e9 et de l\u2019Inclusion et de la Jeunesse| she/elle", "geo_enabled": true, "screen_name": "BardishKW", "listed_count": 496, "friends_count": 1853, "is_translator": false, "notifications": null, "statuses_count": 11388, "default_profile": false, "followers_count": 41213, "translator_type": "none", "favourites_count": 8775, "profile_image_url": "http://pbs.twimg.com/profile_images/795276806215626753/Y-7u6pti_normal.jpg", "profile_banner_url": "https://pbs.twimg.com/profile_banners/2696723713/1622561441", "profile_link_color": "DD2E44", "profile_text_color": "000000", "follow_request_sent": null, "contributors_enabled": false, "default_profile_image": false, "withheld_in_countries": [], "profile_background_tile": false, "profile_image_url_https": "https://pbs.twimg.com/profile_images/795276806215626753/Y-7u6pti_normal.jpg", "profile_background_color": "DD2E44", "profile_sidebar_fill_color": "000000", "profile_background_image_url": "http://abs.twimg.com/images/themes/theme1/bg.png", "profile_sidebar_border_color": "000000", "profile_use_background_image": false, "profile_background_image_url_https": "https://abs.twimg.com/images/themes/theme1/bg.png"}, "place": null, "id_str": "1404910395718963203", "source": "<a href=\"https://mobile.twitter.com\" rel=\"nofollow\">Twitter Web App</a>", "entities": {"urls": [{"url": "https://t.co/OufTZ0Qvw7", "indices": [117, 140], "display_url": "twitter.com/i/web/status/1\u2026", "expanded_url": "https://twitter.com/i/web/status/1404910395718963203"}], "symbols": [], "hashtags": [], "user_mentions": [{"id": 14260960, "name": "Justin Trudeau", "id_str": "14260960", "indices": [43, 57], "screen_name": "JustinTrudeau"}]}, "favorited": false, "retweeted": false, "truncated": true, "created_at": "Tue Jun 15 21:15:14 +0000 2021", "coordinates": null, "quote_count": 0, "reply_count": 2, "contributors": null, "filter_level": "low", "retweet_count": 2, "extended_tweet": {"entities": {"urls": [{"url": "https://t.co/ty6nChOuna", "indices": [262, 285], "display_url": "fb.watch/68QsL-_4DQ/", "expanded_url": "https://fb.watch/68QsL-_4DQ/"}], "symbols": [], "hashtags": [{"text": "Fiert\u00e9", "indices": [243, 250]}], "user_mentions": [{"id": 14260960, "name": "Justin Trudeau", "id_str": "14260960", "indices": [43, 57], "screen_name": "JustinTrudeau"}]}, "full_text": "Heureuse de me joindre virtuellement au PM @JustinTrudeau pour hisser le drapeau du Progr\u00e8s auj.! Faisons tous notre part pour fa\u00e7onner un \ud83c\udde8\ud83c\udde6 encore meilleur, plus s\u00fbr et inclusif, o\u00f9 chacun peut \u00eatre authentique et aimer qui il aime. Joyeuse #Fiert\u00e9 \ud83c\udff3\ufe0f\u200d\ud83c\udf08\ud83c\udff3\ufe0f\u200d\u26a7\ufe0f! https://t.co/ty6nChOuna", "display_text_range": [0, 285]}, "favorite_count": 3, "is_quote_status": false, "possibly_sensitive": false, "in_reply_to_user_id": null, "in_reply_to_status_id": null, "in_reply_to_screen_name": null, "in_reply_to_user_id_str": null, "in_reply_to_status_id_str": null}, "retweet_count": 0, "extended_tweet": {"entities": {"urls": [], "symbols": [], "hashtags": [], "user_mentions": []}, "full_text": "Bonne saison de la Fiert\u00e9! \ud83c\udff3\ufe0f\u200d\ud83c\udf08\ud83c\udff3\ufe0f\u200d\u26a7\ufe0f\ud83c\udde8\ud83c\udde6 On n\u2019a pas pu se r\u00e9unir pour hisser ce drapeau ensemble, alors j\u2019ai bien h\u00e2te de le faire l\u2019ann\u00e9e prochaine. D\u2019ici l\u00e0, poursuivons nos efforts pour faire de notre pays un endroit o\u00f9 chacun se sent chez lui - peu importe qui il est ou qui il aime.", "display_text_range": [0, 285]}, "favorite_count": 0, "is_quote_status": true, "quoted_status_id": 1404910395718963203, "in_reply_to_user_id": null, "quoted_status_id_str": "1404910395718963203", "in_reply_to_status_id": null, "in_reply_to_screen_name": null, "in_reply_to_user_id_str": null, "quoted_status_permalink": {"url": "https://t.co/dzQwkclFfz", "display": "twitter.com/bardishkw/stat\u2026", "expanded": "https://twitter.com/bardishkw/status/1404910395718963203"}, "in_reply_to_status_id_str": null}