{"id": 1404970814173220869, "geo": null, "lang": "fr", "text": "RT @MonarchieBe: \ud83c\udde7\ud83c\uddea \ud83c\udde8\ud83c\udde6 Son Excellence @JustinTrudeau, Premier ministre du Canada, a \u00e9t\u00e9 re\u00e7u en audience cet apr\u00e8s-midi. \n\ud83c\udde8\ud83c\udde6 \ud83c\udde7\ud83c\uddea Zijne Excel\u2026", "user": {"id": 14260960, "url": "https://pm.gc.ca/", "lang": null, "name": "Justin Trudeau", "id_str": "14260960", "location": "Papineau", "verified": true, "following": null, "protected": false, "time_zone": null, "created_at": "Sun Mar 30 21:04:14 +0000 2008", "utc_offset": null, "description": "Father, husband, 23rd Prime Minister of Canada. Account run by PM & staff. Papa, mari, 23e premier ministre du Canada. Compte g\u00e9r\u00e9 par le PM et son personnel.", "geo_enabled": true, "screen_name": "JustinTrudeau", "listed_count": 14301, "friends_count": 941, "is_translator": false, "notifications": null, "statuses_count": 35017, "default_profile": false, "followers_count": 5650703, "translator_type": "none", "favourites_count": 117, "profile_image_url": "http://pbs.twimg.com/profile_images/1325097364542119936/opMrhjvW_normal.jpg", "profile_banner_url": "https://pbs.twimg.com/profile_banners/14260960/1604761077", "profile_link_color": "B50000", "profile_text_color": "000000", "follow_request_sent": null, "contributors_enabled": false, "default_profile_image": false, "withheld_in_countries": [], "profile_background_tile": false, "profile_image_url_https": "https://pbs.twimg.com/profile_images/1325097364542119936/opMrhjvW_normal.jpg", "profile_background_color": "DBDCDD", "profile_sidebar_fill_color": "B80B0B", "profile_background_image_url": "http://abs.twimg.com/images/themes/theme1/bg.png", "profile_sidebar_border_color": "FFFFFF", "profile_use_background_image": false, "profile_background_image_url_https": "https://abs.twimg.com/images/themes/theme1/bg.png"}, "place": null, "id_str": "1404970814173220869", "source": "<a href=\"http://twitter.com/download/iphone\" rel=\"nofollow\">Twitter for iPhone</a>", "entities": {"urls": [], "symbols": [], "hashtags": [], "user_mentions": [{"id": 1626202080, "name": "Belgian Royal Palace", "id_str": "1626202080", "indices": [3, 15], "screen_name": "MonarchieBe"}, {"id": 14260960, "name": "Justin Trudeau", "id_str": "14260960", "indices": [38, 52], "screen_name": "JustinTrudeau"}]}, "favorited": false, "retweeted": false, "truncated": false, "created_at": "Wed Jun 16 01:15:19 +0000 2021", "coordinates": null, "quote_count": 0, "reply_count": 0, "contributors": null, "filter_level": "low", "timestamp_ms": "1623806119851", "retweet_count": 0, "favorite_count": 0, "is_quote_status": false, "retweeted_status": {"id": 1404830930351673345, "geo": null, "lang": "fr", "text": "\ud83c\udde7\ud83c\uddea \ud83c\udde8\ud83c\udde6 Son Excellence @JustinTrudeau, Premier ministre du Canada, a \u00e9t\u00e9 re\u00e7u en audience cet apr\u00e8s-midi. \n\ud83c\udde8\ud83c\udde6 \ud83c\udde7\ud83c\uddea Zijn\u2026 https://t.co/pv9Pa5stE8", "user": {"id": 1626202080, "url": "http://www.monarchie.be", "lang": null, "name": "Belgian Royal Palace", "id_str": "1626202080", "location": "Brussels", "verified": true, "following": null, "protected": false, "time_zone": null, "created_at": "Sat Jul 27 20:15:04 +0000 2013", "utc_offset": null, "description": "Offici\u00eble account van het Koninklijk Paleis, Belgi\u00eb - Compte officiel du Palais Royal, Belgique - Belgian Royal Palace's Official account #MonarchieBe", "geo_enabled": true, "screen_name": "MonarchieBe", "listed_count": 646, "friends_count": 0, "is_translator": false, "notifications": null, "statuses_count": 7431, "default_profile": true, "followers_count": 113637, "translator_type": "none", "favourites_count": 207, "profile_image_url": "http://pbs.twimg.com/profile_images/378800000414168109/25d644f552284943eb4f3ba3e9003663_normal.png", "profile_banner_url": "https://pbs.twimg.com/profile_banners/1626202080/1623047815", "profile_link_color": "1DA1F2", "profile_text_color": "333333", "follow_request_sent": null, "contributors_enabled": false, "default_profile_image": false, "withheld_in_countries": [], "profile_background_tile": false, "profile_image_url_https": "https://pbs.twimg.com/profile_images/378800000414168109/25d644f552284943eb4f3ba3e9003663_normal.png", "profile_background_color": "C0DEED", "profile_sidebar_fill_color": "DDEEF6", "profile_background_image_url": "http://abs.twimg.com/images/themes/theme1/bg.png", "profile_sidebar_border_color": "C0DEED", "profile_use_background_image": true, "profile_background_image_url_https": "https://abs.twimg.com/images/themes/theme1/bg.png"}, "place": {"id": "07d9f32116880001", "url": "https://api.twitter.com/1.1/geo/id/07d9f32116880001.json", "name": "Koninklijk Paleis / Palais Royal", "country": "Belgium", "full_name": "Koninklijk Paleis / Palais Royal", "attributes": {}, "place_type": "poi", "bounding_box": {"type": "Polygon", "coordinates": [[[4.362203, 50.841815], [4.362203, 50.841815], [4.362203, 50.841815], [4.362203, 50.841815]]]}, "country_code": "BE"}, "id_str": "1404830930351673345", "source": "<a href=\"http://twitter.com/download/iphone\" rel=\"nofollow\">Twitter for iPhone</a>", "entities": {"urls": [{"url": "https://t.co/pv9Pa5stE8", "indices": [117, 140], "display_url": "twitter.com/i/web/status/1\u2026", "expanded_url": "https://twitter.com/i/web/status/1404830930351673345"}], "symbols": [], "hashtags": [], "user_mentions": [{"id": 14260960, "name": "Justin Trudeau", "id_str": "14260960", "indices": [21, 35], "screen_name": "JustinTrudeau"}]}, "favorited": false, "retweeted": false, "truncated": true, "created_at": "Tue Jun 15 15:59:28 +0000 2021", "coordinates": null, "quote_count": 5, "reply_count": 3, "contributors": null, "filter_level": "low", "retweet_count": 29, "extended_tweet": {"entities": {"urls": [], "media": [{"id": 1404830919580520452, "url": "https://t.co/1hbnC3Z6m4", "type": "photo", "sizes": {"large": {"h": 1152, "w": 2048, "resize": "fit"}, "small": {"h": 383, "w": 680, "resize": "fit"}, "thumb": {"h": 150, "w": 150, "resize": "crop"}, "medium": {"h": 675, "w": 1200, "resize": "fit"}}, "id_str": "1404830919580520452", "indices": [250, 273], "media_url": "http://pbs.twimg.com/media/E372RzsVEAQUr53.jpg", "display_url": "pic.twitter.com/1hbnC3Z6m4", "expanded_url": "https://twitter.com/MonarchieBe/status/1404830930351673345/photo/1", "media_url_https": "https://pbs.twimg.com/media/E372RzsVEAQUr53.jpg"}], "symbols": [], "hashtags": [{"text": "MonarchieBe", "indices": [217, 229]}, {"text": "BelgianRoyalPalace", "indices": [230, 249]}], "user_mentions": [{"id": 14260960, "name": "Justin Trudeau", "id_str": "14260960", "indices": [21, 35], "screen_name": "JustinTrudeau"}, {"id": 14260960, "name": "Justin Trudeau", "id_str": "14260960", "indices": [129, 143], "screen_name": "JustinTrudeau"}]}, "full_text": "\ud83c\udde7\ud83c\uddea \ud83c\udde8\ud83c\udde6 Son Excellence @JustinTrudeau, Premier ministre du Canada, a \u00e9t\u00e9 re\u00e7u en audience cet apr\u00e8s-midi. \n\ud83c\udde8\ud83c\udde6 \ud83c\udde7\ud83c\uddea Zijne Excellentie @JustinTrudeau, Eerste minister van Canada, werd deze namiddag in audi\u00ebntie ontvangen. \n#MonarchieBe #BelgianRoyalPalace https://t.co/1hbnC3Z6m4", "extended_entities": {"media": [{"id": 1404830919580520452, "url": "https://t.co/1hbnC3Z6m4", "type": "photo", "sizes": {"large": {"h": 1152, "w": 2048, "resize": "fit"}, "small": {"h": 383, "w": 680, "resize": "fit"}, "thumb": {"h": 150, "w": 150, "resize": "crop"}, "medium": {"h": 675, "w": 1200, "resize": "fit"}}, "id_str": "1404830919580520452", "indices": [250, 273], "media_url": "http://pbs.twimg.com/media/E372RzsVEAQUr53.jpg", "display_url": "pic.twitter.com/1hbnC3Z6m4", "expanded_url": "https://twitter.com/MonarchieBe/status/1404830930351673345/photo/1", "media_url_https": "https://pbs.twimg.com/media/E372RzsVEAQUr53.jpg"}]}, "display_text_range": [0, 249]}, "favorite_count": 238, "is_quote_status": false, "display_text_range": [0, 140], "possibly_sensitive": false, "in_reply_to_user_id": null, "in_reply_to_status_id": null, "in_reply_to_screen_name": null, "in_reply_to_user_id_str": null, "in_reply_to_status_id_str": null}, "in_reply_to_user_id": null, "in_reply_to_status_id": null, "in_reply_to_screen_name": null, "in_reply_to_user_id_str": null, "in_reply_to_status_id_str": null}