{"id": 1404941265951727621, "geo": null, "lang": "fr", "text": "RT @melaniejoly: Nos institutions, la culture et l\u2019immigration, sont au c\u0153ur des communaut\u00e9s de langue officielle minoritaire. Prot\u00e9geons-l\u2026", "user": {"id": 14260960, "url": "https://pm.gc.ca/", "lang": null, "name": "Justin Trudeau", "id_str": "14260960", "location": "Papineau", "verified": true, "following": null, "protected": false, "time_zone": null, "created_at": "Sun Mar 30 21:04:14 +0000 2008", "utc_offset": null, "description": "Father, husband, 23rd Prime Minister of Canada. Account run by PM & staff. Papa, mari, 23e premier ministre du Canada. Compte g\u00e9r\u00e9 par le PM et son personnel.", "geo_enabled": true, "screen_name": "JustinTrudeau", "listed_count": 14301, "friends_count": 941, "is_translator": false, "notifications": null, "statuses_count": 35009, "default_profile": false, "followers_count": 5650622, "translator_type": "none", "favourites_count": 117, "profile_image_url": "http://pbs.twimg.com/profile_images/1325097364542119936/opMrhjvW_normal.jpg", "profile_banner_url": "https://pbs.twimg.com/profile_banners/14260960/1604761077", "profile_link_color": "B50000", "profile_text_color": "000000", "follow_request_sent": null, "contributors_enabled": false, "default_profile_image": false, "withheld_in_countries": [], "profile_background_tile": false, "profile_image_url_https": "https://pbs.twimg.com/profile_images/1325097364542119936/opMrhjvW_normal.jpg", "profile_background_color": "DBDCDD", "profile_sidebar_fill_color": "B80B0B", "profile_background_image_url": "http://abs.twimg.com/images/themes/theme1/bg.png", "profile_sidebar_border_color": "FFFFFF", "profile_use_background_image": false, "profile_background_image_url_https": "https://abs.twimg.com/images/themes/theme1/bg.png"}, "place": null, "id_str": "1404941265951727621", "source": "<a href=\"http://twitter.com/download/iphone\" rel=\"nofollow\">Twitter for iPhone</a>", "entities": {"urls": [], "symbols": [], "hashtags": [], "user_mentions": [{"id": 25227444, "name": "M\u00e9lanie Joly", "id_str": "25227444", "indices": [3, 15], "screen_name": "melaniejoly"}]}, "favorited": false, "retweeted": false, "truncated": false, "created_at": "Tue Jun 15 23:17:55 +0000 2021", "coordinates": null, "quote_count": 0, "reply_count": 0, "contributors": null, "filter_level": "low", "timestamp_ms": "1623799075006", "retweet_count": 0, "favorite_count": 0, "is_quote_status": false, "retweeted_status": {"id": 1404901161447067651, "geo": null, "lang": "fr", "text": "Nos institutions, la culture et l\u2019immigration, sont au c\u0153ur des communaut\u00e9s de langue officielle minoritaire. Prot\u00e9\u2026 https://t.co/cMTx2msKFo", "user": {"id": 25227444, "url": "https://www.facebook.com/melanie.joly.965", "lang": null, "name": "M\u00e9lanie Joly", "id_str": "25227444", "location": "Montr\u00e9al, Qu\u00e9bec", "verified": true, "following": null, "protected": false, "time_zone": null, "created_at": "Thu Mar 19 03:20:02 +0000 2009", "utc_offset": null, "description": "D\u00e9put\u00e9e l M.P. Ahuntsic-Cartierville | Ministre du D\u00e9veloppement \u00e9conomique et des Langues officielles | Minister of Economic Development and Official Languages", "geo_enabled": true, "screen_name": "melaniejoly", "listed_count": 793, "friends_count": 2702, "is_translator": false, "notifications": null, "statuses_count": 25774, "default_profile": true, "followers_count": 53116, "translator_type": "none", "favourites_count": 26406, "profile_image_url": "http://pbs.twimg.com/profile_images/1237131899249795074/LDeESniE_normal.jpg", "profile_banner_url": "https://pbs.twimg.com/profile_banners/25227444/1620743711", "profile_link_color": "1DA1F2", "profile_text_color": "333333", "follow_request_sent": null, "contributors_enabled": false, "default_profile_image": false, "withheld_in_countries": [], "profile_background_tile": false, "profile_image_url_https": "https://pbs.twimg.com/profile_images/1237131899249795074/LDeESniE_normal.jpg", "profile_background_color": "C0DEED", "profile_sidebar_fill_color": "DDEEF6", "profile_background_image_url": "http://abs.twimg.com/images/themes/theme1/bg.png", "profile_sidebar_border_color": "C0DEED", "profile_use_background_image": true, "profile_background_image_url_https": "https://abs.twimg.com/images/themes/theme1/bg.png"}, "place": null, "id_str": "1404901161447067651", "source": "<a href=\"http://twitter.com/download/iphone\" rel=\"nofollow\">Twitter for iPhone</a>", "entities": {"urls": [{"url": "https://t.co/cMTx2msKFo", "indices": [117, 140], "display_url": "twitter.com/i/web/status/1\u2026", "expanded_url": "https://twitter.com/i/web/status/1404901161447067651"}], "symbols": [], "hashtags": [], "user_mentions": []}, "favorited": false, "retweeted": false, "truncated": true, "created_at": "Tue Jun 15 20:38:33 +0000 2021", "coordinates": null, "quote_count": 2, "reply_count": 3, "contributors": null, "filter_level": "low", "retweet_count": 14, "extended_tweet": {"entities": {"urls": [], "media": [{"id": 1404901152592891908, "url": "https://t.co/HShq417731", "type": "photo", "sizes": {"large": {"h": 1080, "w": 1080, "resize": "fit"}, "small": {"h": 680, "w": 680, "resize": "fit"}, "thumb": {"h": 150, "w": 150, "resize": "crop"}, "medium": {"h": 1080, "w": 1080, "resize": "fit"}}, "id_str": "1404901152592891908", "indices": [230, 253], "media_url": "http://pbs.twimg.com/media/E382J6DWEAQ--xG.jpg", "display_url": "pic.twitter.com/HShq417731", "expanded_url": "https://twitter.com/melaniejoly/status/1404901161447067651/photo/1", "media_url_https": "https://pbs.twimg.com/media/E382J6DWEAQ--xG.jpg"}], "symbols": [], "hashtags": [{"text": "ModernisationDesLO", "indices": [210, 229]}], "user_mentions": []}, "full_text": "Nos institutions, la culture et l\u2019immigration, sont au c\u0153ur des communaut\u00e9s de langue officielle minoritaire. Prot\u00e9geons-les et donnons-leur les outils n\u00e9cessaires \u00e0 la promotion de la vitalit\u00e9 de leur langue. #ModernisationDesLO https://t.co/HShq417731", "extended_entities": {"media": [{"id": 1404901152592891908, "url": "https://t.co/HShq417731", "type": "photo", "sizes": {"large": {"h": 1080, "w": 1080, "resize": "fit"}, "small": {"h": 680, "w": 680, "resize": "fit"}, "thumb": {"h": 150, "w": 150, "resize": "crop"}, "medium": {"h": 1080, "w": 1080, "resize": "fit"}}, "id_str": "1404901152592891908", "indices": [230, 253], "media_url": "http://pbs.twimg.com/media/E382J6DWEAQ--xG.jpg", "display_url": "pic.twitter.com/HShq417731", "expanded_url": "https://twitter.com/melaniejoly/status/1404901161447067651/photo/1", "media_url_https": "https://pbs.twimg.com/media/E382J6DWEAQ--xG.jpg"}]}, "display_text_range": [0, 229]}, "favorite_count": 31, "is_quote_status": false, "display_text_range": [0, 140], "possibly_sensitive": false, "in_reply_to_user_id": null, "in_reply_to_status_id": null, "in_reply_to_screen_name": null, "in_reply_to_user_id_str": null, "in_reply_to_status_id_str": null}, "in_reply_to_user_id": null, "in_reply_to_status_id": null, "in_reply_to_screen_name": null, "in_reply_to_user_id_str": null, "in_reply_to_status_id_str": null}