{"id": 1404933105857748993, "geo": null, "lang": "fr", "text": "RT @Carolyn_Bennett: La CVR a clairement indiqu\u00e9 que chacun au Canada a un r\u00f4le \u00e0 jouer pour r\u00e9parer l'h\u00e9ritage traumatisant des pensionnat\u2026", "user": {"id": 14260960, "url": "https://pm.gc.ca/", "lang": null, "name": "Justin Trudeau", "id_str": "14260960", "location": "Papineau", "verified": true, "following": null, "protected": false, "time_zone": null, "created_at": "Sun Mar 30 21:04:14 +0000 2008", "utc_offset": null, "description": "Father, husband, 23rd Prime Minister of Canada. Account run by PM & staff. Papa, mari, 23e premier ministre du Canada. Compte g\u00e9r\u00e9 par le PM et son personnel.", "geo_enabled": true, "screen_name": "JustinTrudeau", "listed_count": 14301, "friends_count": 941, "is_translator": false, "notifications": null, "statuses_count": 35005, "default_profile": false, "followers_count": 5650590, "translator_type": "none", "favourites_count": 117, "profile_image_url": "http://pbs.twimg.com/profile_images/1325097364542119936/opMrhjvW_normal.jpg", "profile_banner_url": "https://pbs.twimg.com/profile_banners/14260960/1604761077", "profile_link_color": "B50000", "profile_text_color": "000000", "follow_request_sent": null, "contributors_enabled": false, "default_profile_image": false, "withheld_in_countries": [], "profile_background_tile": false, "profile_image_url_https": "https://pbs.twimg.com/profile_images/1325097364542119936/opMrhjvW_normal.jpg", "profile_background_color": "DBDCDD", "profile_sidebar_fill_color": "B80B0B", "profile_background_image_url": "http://abs.twimg.com/images/themes/theme1/bg.png", "profile_sidebar_border_color": "FFFFFF", "profile_use_background_image": false, "profile_background_image_url_https": "https://abs.twimg.com/images/themes/theme1/bg.png"}, "place": null, "id_str": "1404933105857748993", "source": "<a href=\"http://twitter.com/download/iphone\" rel=\"nofollow\">Twitter for iPhone</a>", "entities": {"urls": [], "symbols": [], "hashtags": [], "user_mentions": [{"id": 40550119, "name": "Carolyn Bennett", "id_str": "40550119", "indices": [3, 19], "screen_name": "Carolyn_Bennett"}]}, "favorited": false, "retweeted": false, "truncated": false, "created_at": "Tue Jun 15 22:45:29 +0000 2021", "coordinates": null, "quote_count": 0, "reply_count": 0, "contributors": null, "filter_level": "low", "timestamp_ms": "1623797129488", "retweet_count": 0, "favorite_count": 0, "is_quote_status": false, "retweeted_status": {"id": 1404876625968308229, "geo": null, "lang": "fr", "text": "La CVR a clairement indiqu\u00e9 que chacun au Canada a un r\u00f4le \u00e0 jouer pour r\u00e9parer l'h\u00e9ritage traumatisant des pension\u2026 https://t.co/jDcEOzag1s", "user": {"id": 40550119, "url": "https://carolynbennett.ca", "lang": null, "name": "Carolyn Bennett", "id_str": "40550119", "location": "Toronto, Canada", "verified": true, "following": null, "protected": false, "time_zone": null, "created_at": "Sat May 16 21:55:38 +0000 2009", "utc_offset": null, "description": "M.D.; Liberal M.P Toronto-St. Paul's; Minister of Crown-Indigenous Relations; RT NOT endorsement she/her/elle", "geo_enabled": true, "screen_name": "Carolyn_Bennett", "listed_count": 1081, "friends_count": 8873, "is_translator": false, "notifications": null, "statuses_count": 79679, "default_profile": true, "followers_count": 54022, "translator_type": "none", "favourites_count": 11735, "profile_image_url": "http://pbs.twimg.com/profile_images/1399018732228427781/s-03ze1D_normal.jpg", "profile_banner_url": "https://pbs.twimg.com/profile_banners/40550119/1585861214", "profile_link_color": "1DA1F2", "profile_text_color": "333333", "follow_request_sent": null, "contributors_enabled": false, "default_profile_image": false, "withheld_in_countries": [], "profile_background_tile": false, "profile_image_url_https": "https://pbs.twimg.com/profile_images/1399018732228427781/s-03ze1D_normal.jpg", "profile_background_color": "C0DEED", "profile_sidebar_fill_color": "DDEEF6", "profile_background_image_url": "http://abs.twimg.com/images/themes/theme1/bg.png", "profile_sidebar_border_color": "C0DEED", "profile_use_background_image": true, "profile_background_image_url_https": "https://abs.twimg.com/images/themes/theme1/bg.png"}, "place": null, "id_str": "1404876625968308229", "source": "<a href=\"https://mobile.twitter.com\" rel=\"nofollow\">Twitter Web App</a>", "entities": {"urls": [{"url": "https://t.co/jDcEOzag1s", "indices": [117, 140], "display_url": "twitter.com/i/web/status/1\u2026", "expanded_url": "https://twitter.com/i/web/status/1404876625968308229"}], "symbols": [], "hashtags": [], "user_mentions": []}, "favorited": false, "retweeted": false, "truncated": true, "created_at": "Tue Jun 15 19:01:03 +0000 2021", "coordinates": null, "quote_count": 0, "reply_count": 1, "contributors": null, "filter_level": "low", "retweet_count": 1, "extended_tweet": {"entities": {"urls": [], "symbols": [], "hashtags": [], "user_mentions": []}, "full_text": "La CVR a clairement indiqu\u00e9 que chacun au Canada a un r\u00f4le \u00e0 jouer pour r\u00e9parer l'h\u00e9ritage traumatisant des pensionnats.L'annonce par l'Ontario est un grand pas en avant, car nous nous unissons pour soutenir les communaut\u00e9s autochtones dans cette t\u00e2che difficile et importante. 1/", "display_text_range": [0, 280]}, "favorite_count": 0, "is_quote_status": false, "in_reply_to_user_id": null, "in_reply_to_status_id": null, "in_reply_to_screen_name": null, "in_reply_to_user_id_str": null, "in_reply_to_status_id_str": null}, "in_reply_to_user_id": null, "in_reply_to_status_id": null, "in_reply_to_screen_name": null, "in_reply_to_user_id_str": null, "in_reply_to_status_id_str": null}