{"id": 1403048661421015046, "geo": null, "lang": "fr", "text": "Bienvenue dans l\u2019\u00e9quipe, @JenicaAtwin! Tu as \u00e9t\u00e9 une d\u00e9fenseur infatigable de l\u2019action climatique, de la sant\u00e9 ment\u2026 https://t.co/iBhkdkD2iY", "user": {"id": 14260960, "url": "https://pm.gc.ca/", "lang": null, "name": "Justin Trudeau", "id_str": "14260960", "location": "Papineau", "verified": true, "following": null, "protected": false, "time_zone": null, "created_at": "Sun Mar 30 21:04:14 +0000 2008", "utc_offset": null, "description": "Father, husband, 23rd Prime Minister of Canada. Account run by PM & staff. Papa, mari, 23e premier ministre du Canada. Compte g\u00e9r\u00e9 par le PM et son personnel.", "geo_enabled": true, "screen_name": "JustinTrudeau", "listed_count": 14283, "friends_count": 940, "is_translator": false, "notifications": null, "statuses_count": 34904, "default_profile": false, "followers_count": 5644584, "translator_type": "none", "favourites_count": 117, "profile_image_url": "http://pbs.twimg.com/profile_images/1325097364542119936/opMrhjvW_normal.jpg", "profile_banner_url": "https://pbs.twimg.com/profile_banners/14260960/1604761077", "profile_link_color": "B50000", "profile_text_color": "000000", "follow_request_sent": null, "contributors_enabled": false, "default_profile_image": false, "withheld_in_countries": [], "profile_background_tile": false, "profile_image_url_https": "https://pbs.twimg.com/profile_images/1325097364542119936/opMrhjvW_normal.jpg", "profile_background_color": "DBDCDD", "profile_sidebar_fill_color": "B80B0B", "profile_background_image_url": "http://abs.twimg.com/images/themes/theme1/bg.png", "profile_sidebar_border_color": "FFFFFF", "profile_use_background_image": false, "profile_background_image_url_https": "https://abs.twimg.com/images/themes/theme1/bg.png"}, "place": null, "id_str": "1403048661421015046", "source": "<a href=\"http://twitter.com/download/iphone\" rel=\"nofollow\">Twitter for iPhone</a>", "entities": {"urls": [{"url": "https://t.co/iBhkdkD2iY", "indices": [117, 140], "display_url": "twitter.com/i/web/status/1\u2026", "expanded_url": "https://twitter.com/i/web/status/1403048661421015046"}], "symbols": [], "hashtags": [], "user_mentions": [{"id": 1711439305, "name": "Jenica Atwin, MP for Fredericton D\u00e9put\u00e9e", "id_str": "1711439305", "indices": [25, 37], "screen_name": "JenicaAtwin"}]}, "favorited": false, "retweeted": false, "truncated": true, "created_at": "Thu Jun 10 17:57:22 +0000 2021", "coordinates": null, "quote_count": 0, "reply_count": 0, "contributors": null, "filter_level": "low", "timestamp_ms": "1623347842923", "retweet_count": 0, "extended_tweet": {"entities": {"urls": [], "symbols": [], "hashtags": [], "user_mentions": [{"id": 1711439305, "name": "Jenica Atwin, MP for Fredericton D\u00e9put\u00e9e", "id_str": "1711439305", "indices": [25, 37], "screen_name": "JenicaAtwin"}]}, "full_text": "Bienvenue dans l\u2019\u00e9quipe, @JenicaAtwin! Tu as \u00e9t\u00e9 une d\u00e9fenseur infatigable de l\u2019action climatique, de la sant\u00e9 mentale, de la r\u00e9conciliation et des gens de Fredericton, et j\u2019ai vraiment h\u00e2te de travailler avec toi pour reb\u00e2tir en mieux. On se reparle bient\u00f4t!", "display_text_range": [0, 259]}, "favorite_count": 0, "is_quote_status": false, "in_reply_to_user_id": null, "in_reply_to_status_id": null, "in_reply_to_screen_name": null, "in_reply_to_user_id_str": null, "in_reply_to_status_id_str": null}