{"id": 1399479627811278850, "geo": null, "lang": "fr", "text": "Cela s\u2019ajoute au travail que le Programme pour l\u2019entrepreneuriat des communaut\u00e9s noires a entrepris, et qui aidera\u2026 https://t.co/4165kZ1hcH", "user": {"id": 14260960, "url": "https://pm.gc.ca/", "lang": null, "name": "Justin Trudeau", "id_str": "14260960", "location": "Papineau", "verified": true, "following": null, "protected": false, "time_zone": null, "created_at": "Sun Mar 30 21:04:14 +0000 2008", "utc_offset": null, "description": "Father, husband, 23rd Prime Minister of Canada. Account run by PM & staff. Papa, mari, 23e premier ministre du Canada. Compte g\u00e9r\u00e9 par le PM et son personnel.", "geo_enabled": true, "screen_name": "JustinTrudeau", "listed_count": 14278, "friends_count": 942, "is_translator": false, "notifications": null, "statuses_count": 34729, "default_profile": false, "followers_count": 5635905, "translator_type": "none", "favourites_count": 115, "profile_image_url": "http://pbs.twimg.com/profile_images/1325097364542119936/opMrhjvW_normal.jpg", "profile_banner_url": "https://pbs.twimg.com/profile_banners/14260960/1604761077", "profile_link_color": "B50000", "profile_text_color": "000000", "follow_request_sent": null, "contributors_enabled": false, "default_profile_image": false, "withheld_in_countries": [], "profile_background_tile": false, "profile_image_url_https": "https://pbs.twimg.com/profile_images/1325097364542119936/opMrhjvW_normal.jpg", "profile_background_color": "DBDCDD", "profile_sidebar_fill_color": "B80B0B", "profile_background_image_url": "http://abs.twimg.com/images/themes/theme1/bg.png", "profile_sidebar_border_color": "FFFFFF", "profile_use_background_image": false, "profile_background_image_url_https": "https://abs.twimg.com/images/themes/theme1/bg.png"}, "place": null, "id_str": "1399479627811278850", "source": "<a href=\"https://mobile.twitter.com\" rel=\"nofollow\">Twitter Web App</a>", "entities": {"urls": [{"url": "https://t.co/4165kZ1hcH", "indices": [116, 139], "display_url": "twitter.com/i/web/status/1\u2026", "expanded_url": "https://twitter.com/i/web/status/1399479627811278850"}], "symbols": [], "hashtags": [], "user_mentions": []}, "favorited": false, "retweeted": false, "truncated": true, "created_at": "Mon May 31 21:35:19 +0000 2021", "coordinates": null, "quote_count": 0, "reply_count": 0, "contributors": null, "filter_level": "low", "timestamp_ms": "1622496919001", "retweet_count": 0, "extended_tweet": {"entities": {"urls": [], "symbols": [], "hashtags": [], "user_mentions": []}, "full_text": "Cela s\u2019ajoute au travail que le Programme pour l\u2019entrepreneuriat des communaut\u00e9s noires a entrepris, et qui aidera les propri\u00e9taires d\u2019entreprise noirs \u00e0 avoir acc\u00e8s aux ressources, au mentorat et aux fonds n\u00e9cessaires pour d\u00e9marrer, se d\u00e9velopper et cro\u00eetre.", "display_text_range": [0, 259]}, "favorite_count": 0, "is_quote_status": false, "in_reply_to_user_id": 14260960, "in_reply_to_status_id": 1399479624372006916, "in_reply_to_screen_name": "JustinTrudeau", "in_reply_to_user_id_str": "14260960", "in_reply_to_status_id_str": "1399479624372006916"}