{"id": 1391912109253042176, "geo": null, "lang": "fr", "text": "Il n\u2019y a pas de meilleure fa\u00e7on de commencer la semaine. \u00c0 ceux qui ont particip\u00e9 \u00e0 l\u2019appel et aux infirmi\u00e8res, inf\u2026 https://t.co/NaAJKGzUZO", "user": {"id": 14260960, "url": "https://t.co/NJdKCDAm9d", "lang": null, "name": "Justin Trudeau", "id_str": "14260960", "entities": {"url": {"urls": [{"url": "https://t.co/NJdKCDAm9d", "indices": [0, 23], "display_url": "pm.gc.ca", "expanded_url": "https://pm.gc.ca/"}]}, "description": {"urls": []}}, "location": "Papineau", "verified": true, "following": true, "protected": false, "time_zone": null, "created_at": "Sun Mar 30 21:04:14 +0000 2008", "utc_offset": null, "description": "Father, husband, 23rd Prime Minister of Canada. Account run by PM & staff. Papa, mari, 23e premier ministre du Canada. Compte g\u00e9r\u00e9 par le PM et son personnel.", "geo_enabled": true, "screen_name": "JustinTrudeau", "listed_count": 14264, "friends_count": 942, "is_translator": false, "notifications": false, "statuses_count": 34537, "default_profile": false, "followers_count": 5640803, "translator_type": "none", "favourites_count": 115, "profile_image_url": "http://pbs.twimg.com/profile_images/1325097364542119936/opMrhjvW_normal.jpg", "profile_banner_url": "https://pbs.twimg.com/profile_banners/14260960/1604761077", "profile_link_color": "B50000", "profile_text_color": "000000", "follow_request_sent": false, "contributors_enabled": false, "has_extended_profile": false, "default_profile_image": false, "withheld_in_countries": [], "is_translation_enabled": false, "profile_background_tile": false, "profile_image_url_https": "https://pbs.twimg.com/profile_images/1325097364542119936/opMrhjvW_normal.jpg", "profile_background_color": "DBDCDD", "profile_sidebar_fill_color": "B80B0B", "profile_background_image_url": "http://abs.twimg.com/images/themes/theme1/bg.png", "profile_sidebar_border_color": "FFFFFF", "profile_use_background_image": false, "profile_background_image_url_https": "https://abs.twimg.com/images/themes/theme1/bg.png"}, "place": null, "id_str": "1391912109253042176", "source": "<a href=\"http://twitter.com/download/iphone\" rel=\"nofollow\">Twitter for iPhone</a>", "entities": {"urls": [{"url": "https://t.co/NaAJKGzUZO", "indices": [117, 140], "display_url": "twitter.com/i/web/status/1\u2026", "expanded_url": "https://twitter.com/i/web/status/1391912109253042176"}], "symbols": [], "hashtags": [], "user_mentions": []}, "favorited": false, "retweeted": false, "truncated": true, "created_at": "Tue May 11 00:24:41 +0000 2021", "coordinates": null, "contributors": null, "quoted_status": {"id": 1391863806024982529, "geo": null, "lang": "fr", "text": "J'ai lanc\u00e9 la #SemaineNationaledesSoinsInfirmiers avec des infirmi\u00e8res/infirmiers du #Manitoba, PM @JustinTrudeau e\u2026 https://t.co/tw19wegzcy", "user": {"id": 234550882, "url": "https://t.co/rciWociXd0", "lang": null, "name": "Dan Vandal", "id_str": "234550882", "entities": {"url": {"urls": [{"url": "https://t.co/rciWociXd0", "indices": [0, 23], "display_url": "danvandal.ca", "expanded_url": "http://danvandal.ca"}]}, "description": {"urls": []}}, "location": "Winnipeg, Manitoba, Canada", "verified": true, "following": false, "protected": false, "time_zone": null, "created_at": "Wed Jan 05 23:07:38 +0000 2011", "utc_offset": null, "description": "MP / d\u00e9put\u00e9 Saint-Boniface - Saint-Vital Minister of Northern Affairs / Ministre des Affaires du Nord (he/him/il)", "geo_enabled": true, "screen_name": "stbstvdan", "listed_count": 189, "friends_count": 1141, "is_translator": false, "notifications": false, "statuses_count": 8738, "default_profile": false, "followers_count": 6703, "translator_type": "none", "favourites_count": 8759, "profile_image_url": "http://pbs.twimg.com/profile_images/1105920618040565767/k5Bo3HpE_normal.png", "profile_banner_url": "https://pbs.twimg.com/profile_banners/234550882/1471352913", "profile_link_color": "E81C4F", "profile_text_color": "000000", "follow_request_sent": false, "contributors_enabled": false, "has_extended_profile": false, "default_profile_image": false, "withheld_in_countries": [], "is_translation_enabled": false, "profile_background_tile": false, "profile_image_url_https": "https://pbs.twimg.com/profile_images/1105920618040565767/k5Bo3HpE_normal.png", "profile_background_color": "000000", "profile_sidebar_fill_color": "000000", "profile_background_image_url": "http://abs.twimg.com/images/themes/theme1/bg.png", "profile_sidebar_border_color": "000000", "profile_use_background_image": false, "profile_background_image_url_https": "https://abs.twimg.com/images/themes/theme1/bg.png"}, "place": null, "id_str": "1391863806024982529", "source": "<a href=\"https://mobile.twitter.com\" rel=\"nofollow\">Twitter Web App</a>", "entities": {"urls": [{"url": "https://t.co/tw19wegzcy", "indices": [117, 140], "display_url": "twitter.com/i/web/status/1\u2026", "expanded_url": "https://twitter.com/i/web/status/1391863806024982529"}], "symbols": [], "hashtags": [{"text": "SemaineNationaledesSoinsInfirmiers", "indices": [14, 49]}, {"text": "Manitoba", "indices": [85, 94]}], "user_mentions": [{"id": 14260960, "name": "Justin Trudeau", "id_str": "14260960", "indices": [99, 113], "screen_name": "JustinTrudeau"}]}, "favorited": false, "retweeted": false, "truncated": true, "created_at": "Mon May 10 21:12:45 +0000 2021", "coordinates": null, "contributors": null, "retweet_count": 2, "favorite_count": 6, "is_quote_status": false, "possibly_sensitive": false, "in_reply_to_user_id": null, "in_reply_to_status_id": null, "in_reply_to_screen_name": null, "in_reply_to_user_id_str": null, "in_reply_to_status_id_str": null}, "retweet_count": 21, "favorite_count": 183, "is_quote_status": true, "quoted_status_id": 1391863806024982529, "possibly_sensitive": false, "in_reply_to_user_id": null, "quoted_status_id_str": "1391863806024982529", "in_reply_to_status_id": null, "in_reply_to_screen_name": null, "in_reply_to_user_id_str": null, "in_reply_to_status_id_str": null}