{"id": 1335584905531633668, "geo": null, "lang": "fr", "text": "Leur vie a \u00e9t\u00e9 \u00e9court\u00e9e parce qu\u2019elles \u00e9taient des femmes. Le fait qu\u2019un tel acte de violence sexiste ait eu lieu d\u2026 https://t.co/f2zhBdbNX5", "user": {"id": 14260960, "url": "https://pm.gc.ca/", "lang": null, "name": "Justin Trudeau", "id_str": "14260960", "location": "Papineau", "verified": true, "following": null, "protected": false, "time_zone": null, "created_at": "Sun Mar 30 21:04:14 +0000 2008", "utc_offset": null, "description": "Father, husband, 23rd Prime Minister of Canada. Account run by PM & staff. Papa, mari, 23e premier ministre du Canada. Compte g\u00e9r\u00e9 par le PM et son personnel.", "geo_enabled": true, "screen_name": "JustinTrudeau", "listed_count": 13734, "friends_count": 942, "is_translator": false, "notifications": null, "statuses_count": 32209, "default_profile": false, "followers_count": 5361759, "translator_type": "none", "favourites_count": 113, "profile_image_url": "http://pbs.twimg.com/profile_images/1325097364542119936/opMrhjvW_normal.jpg", "profile_banner_url": "https://pbs.twimg.com/profile_banners/14260960/1604761077", "profile_link_color": "B50000", "profile_text_color": "000000", "follow_request_sent": null, "contributors_enabled": false, "default_profile_image": false, "profile_background_tile": false, "profile_image_url_https": "https://pbs.twimg.com/profile_images/1325097364542119936/opMrhjvW_normal.jpg", "profile_background_color": "DBDCDD", "profile_sidebar_fill_color": "B80B0B", "profile_background_image_url": "http://abs.twimg.com/images/themes/theme1/bg.png", "profile_sidebar_border_color": "FFFFFF", "profile_use_background_image": false, "profile_background_image_url_https": "https://abs.twimg.com/images/themes/theme1/bg.png"}, "place": null, "id_str": "1335584905531633668", "source": "<a href=\"http://twitter.com/download/iphone\" rel=\"nofollow\">Twitter for iPhone</a>", "entities": {"urls": [{"url": "https://t.co/f2zhBdbNX5", "indices": [117, 140], "display_url": "twitter.com/i/web/status/1\u2026", "expanded_url": "https://twitter.com/i/web/status/1335584905531633668"}], "symbols": [], "hashtags": [], "user_mentions": []}, "favorited": false, "retweeted": false, "truncated": true, "created_at": "Sun Dec 06 14:00:30 +0000 2020", "coordinates": null, "quote_count": 0, "reply_count": 0, "contributors": null, "filter_level": "low", "timestamp_ms": "1607263230103", "retweet_count": 0, "extended_tweet": {"entities": {"urls": [{"url": "https://t.co/r6e1V2JHRG", "indices": [245, 268], "display_url": "bit.ly/3qyy2Nu", "expanded_url": "https://bit.ly/3qyy2Nu"}], "media": [{"id": 1335584902532698114, "url": "https://t.co/9utDoBu59C", "type": "photo", "sizes": {"large": {"h": 676, "w": 1201, "resize": "fit"}, "small": {"h": 383, "w": 680, "resize": "fit"}, "thumb": {"h": 150, "w": 150, "resize": "crop"}, "medium": {"h": 675, "w": 1200, "resize": "fit"}}, "id_str": "1335584902532698114", "indices": [269, 292], "media_url": "http://pbs.twimg.com/media/EojzZILWEAIaWal.jpg", "display_url": "pic.twitter.com/9utDoBu59C", "expanded_url": "https://twitter.com/JustinTrudeau/status/1335584905531633668/photo/1", "media_url_https": "https://pbs.twimg.com/media/EojzZILWEAIaWal.jpg"}], "symbols": [], "hashtags": [], "user_mentions": []}, "full_text": "Leur vie a \u00e9t\u00e9 \u00e9court\u00e9e parce qu\u2019elles \u00e9taient des femmes. Le fait qu\u2019un tel acte de violence sexiste ait eu lieu dans notre pays est tragique. H\u00e9las, cette violence existe toujours. On doit poursuivre nos efforts pour y mettre fin pour de bon. https://t.co/r6e1V2JHRG https://t.co/9utDoBu59C", "extended_entities": {"media": [{"id": 1335584902532698114, "url": "https://t.co/9utDoBu59C", "type": "photo", "sizes": {"large": {"h": 676, "w": 1201, "resize": "fit"}, "small": {"h": 383, "w": 680, "resize": "fit"}, "thumb": {"h": 150, "w": 150, "resize": "crop"}, "medium": {"h": 675, "w": 1200, "resize": "fit"}}, "id_str": "1335584902532698114", "indices": [269, 292], "media_url": "http://pbs.twimg.com/media/EojzZILWEAIaWal.jpg", "display_url": "pic.twitter.com/9utDoBu59C", "expanded_url": "https://twitter.com/JustinTrudeau/status/1335584905531633668/photo/1", "media_url_https": "https://pbs.twimg.com/media/EojzZILWEAIaWal.jpg"}]}, "display_text_range": [0, 268]}, "favorite_count": 0, "is_quote_status": false, "display_text_range": [0, 140], "possibly_sensitive": false, "in_reply_to_user_id": null, "in_reply_to_status_id": null, "in_reply_to_screen_name": null, "in_reply_to_user_id_str": null, "in_reply_to_status_id_str": null}