{"id": 1305692687044161536, "geo": null, "lang": "fr", "text": "J\u2019ai parl\u00e9 avec @BlaineHiggs et je l\u2019ai f\u00e9licit\u00e9 pour sa r\u00e9\u00e9lection. J\u2019ai h\u00e2te de poursuivre notre travail pour men\u2026 https://t.co/KgPYw8LSKo", "user": {"id": 14260960, "url": "https://pm.gc.ca/", "lang": null, "name": "Justin Trudeau", "id_str": "14260960", "location": "Papineau", "verified": true, "following": null, "protected": false, "time_zone": null, "created_at": "Sun Mar 30 21:04:14 +0000 2008", "utc_offset": null, "description": "Father, husband, 23rd Prime Minister of Canada. Account run by PM & staff. Papa, mari, 23e premier ministre du Canada. Compte g\u00e9r\u00e9 par le PM et son personnel.", "geo_enabled": true, "screen_name": "JustinTrudeau", "listed_count": 13447, "friends_count": 942, "is_translator": false, "notifications": null, "statuses_count": 30847, "default_profile": false, "followers_count": 5134756, "translator_type": "none", "favourites_count": 113, "profile_image_url": "http://pbs.twimg.com/profile_images/1243986776672346113/jG94-jYz_normal.jpg", "profile_banner_url": "https://pbs.twimg.com/profile_banners/14260960/1585424352", "profile_link_color": "B50000", "profile_text_color": "000000", "follow_request_sent": null, "contributors_enabled": false, "default_profile_image": false, "profile_background_tile": false, "profile_image_url_https": "https://pbs.twimg.com/profile_images/1243986776672346113/jG94-jYz_normal.jpg", "profile_background_color": "DBDCDD", "profile_sidebar_fill_color": "B80B0B", "profile_background_image_url": "http://abs.twimg.com/images/themes/theme1/bg.png", "profile_sidebar_border_color": "FFFFFF", "profile_use_background_image": false, "profile_background_image_url_https": "https://abs.twimg.com/images/themes/theme1/bg.png"}, "place": null, "id_str": "1305692687044161536", "source": "<a href=\"http://twitter.com/download/iphone\" rel=\"nofollow\">Twitter for iPhone</a>", "entities": {"urls": [{"url": "https://t.co/KgPYw8LSKo", "indices": [117, 140], "display_url": "twitter.com/i/web/status/1\u2026", "expanded_url": "https://twitter.com/i/web/status/1305692687044161536"}], "symbols": [], "hashtags": [], "user_mentions": [{"id": 1283211748372291584, "name": "I am not Blaine Higgs", "id_str": "1283211748372291584", "indices": [16, 28], "screen_name": "blainehiggs"}]}, "favorited": false, "retweeted": false, "truncated": true, "created_at": "Tue Sep 15 02:19:29 +0000 2020", "coordinates": null, "quote_count": 0, "reply_count": 0, "contributors": null, "filter_level": "low", "timestamp_ms": "1600136369845", "retweet_count": 0, "extended_tweet": {"entities": {"urls": [{"url": "https://t.co/lyYLsVmUUJ", "indices": [254, 277], "display_url": "pm.gc.ca/fr/nouvelles/d\u2026", "expanded_url": "https://pm.gc.ca/fr/nouvelles/declarations/2020/09/14/declaration-du-premier-ministre-concernant-les-resultats-des"}], "symbols": [], "hashtags": [], "user_mentions": [{"id": 1283211748372291584, "name": "I am not Blaine Higgs", "id_str": "1283211748372291584", "indices": [16, 28], "screen_name": "blainehiggs"}]}, "full_text": "J\u2019ai parl\u00e9 avec @BlaineHiggs et je l\u2019ai f\u00e9licit\u00e9 pour sa r\u00e9\u00e9lection. J\u2019ai h\u00e2te de poursuivre notre travail pour mener \u00e0 bien l\u2019Accord sur la relance s\u00e9curitaire et la Strat\u00e9gie de croissance pour l\u2019Atlantique et assurer la s\u00e9curit\u00e9 des N\u00e9o-Brunswickois. https://t.co/lyYLsVmUUJ", "display_text_range": [0, 277]}, "favorite_count": 0, "is_quote_status": false, "possibly_sensitive": false, "in_reply_to_user_id": null, "in_reply_to_status_id": null, "in_reply_to_screen_name": null, "in_reply_to_user_id_str": null, "in_reply_to_status_id_str": null}