{"id": 1267255871920377857, "geo": null, "lang": "fr", "text": "RT @CQualtro: Aujourd'hui est le premier jour de la Semaine nationale de l'#accessibilit\u00e9! \ud83c\udde8\ud83c\udde6\n\nEnsemble, c\u00e9l\u00e9brons les pr\u00e9cieuses contribut\u2026", "user": {"id": 14260960, "url": "https://t.co/NJdKCDAm9d", "lang": null, "name": "Justin Trudeau", "id_str": "14260960", "entities": {"url": {"urls": [{"url": "https://t.co/NJdKCDAm9d", "indices": [0, 23], "display_url": "pm.gc.ca", "expanded_url": "https://pm.gc.ca/"}]}, "description": {"urls": []}}, "location": "Papineau", "verified": true, "following": true, "protected": false, "time_zone": null, "created_at": "Sun Mar 30 21:04:14 +0000 2008", "utc_offset": null, "description": "Father, husband, 23rd Prime Minister of Canada. Account run by PM & staff. Papa, mari, 23e premier ministre du Canada. Compte g\u00e9r\u00e9 par le PM et son personnel.", "geo_enabled": true, "screen_name": "JustinTrudeau", "listed_count": 13438, "friends_count": 946, "is_translator": false, "notifications": false, "statuses_count": 29516, "default_profile": false, "followers_count": 5063273, "translator_type": "none", "favourites_count": 114, "profile_image_url": "http://pbs.twimg.com/profile_images/1243986776672346113/jG94-jYz_normal.jpg", "profile_banner_url": "https://pbs.twimg.com/profile_banners/14260960/1585424352", "profile_link_color": "B50000", "profile_text_color": "000000", "follow_request_sent": false, "contributors_enabled": false, "has_extended_profile": false, "default_profile_image": false, "is_translation_enabled": false, "profile_background_tile": false, "profile_image_url_https": "https://pbs.twimg.com/profile_images/1243986776672346113/jG94-jYz_normal.jpg", "profile_background_color": "DBDCDD", "profile_sidebar_fill_color": "B80B0B", "profile_background_image_url": "http://abs.twimg.com/images/themes/theme1/bg.png", "profile_sidebar_border_color": "FFFFFF", "profile_use_background_image": false, "profile_background_image_url_https": "https://abs.twimg.com/images/themes/theme1/bg.png"}, "place": null, "id_str": "1267255871920377857", "source": "<a href=\"http://twitter.com/download/iphone\" rel=\"nofollow\">Twitter for iPhone</a>", "entities": {"urls": [], "symbols": [], "hashtags": [{"text": "accessibilit\u00e9", "indices": [75, 89]}], "user_mentions": [{"id": 2852899113, "name": "Carla Qualtrough", "id_str": "2852899113", "indices": [3, 12], "screen_name": "CQualtro"}]}, "favorited": false, "retweeted": false, "truncated": false, "created_at": "Mon Jun 01 00:45:18 +0000 2020", "coordinates": null, "contributors": null, "retweet_count": 25, "favorite_count": 0, "is_quote_status": true, "quoted_status_id": 1267107924939362304, "retweeted_status": {"id": 1267127470505025543, "geo": null, "lang": "fr", "text": "Aujourd'hui est le premier jour de la Semaine nationale de l'#accessibilit\u00e9! \ud83c\udde8\ud83c\udde6\n\nEnsemble, c\u00e9l\u00e9brons les pr\u00e9cieuses\u2026 https://t.co/cRhNOp2oMW", "user": {"id": 2852899113, "url": "https://t.co/wFeYD3kxJb", "lang": null, "name": "Carla Qualtrough", "id_str": "2852899113", "entities": {"url": {"urls": [{"url": "https://t.co/wFeYD3kxJb", "indices": [0, 23], "display_url": "cqualtrough.liberal.ca", "expanded_url": "http://cqualtrough.liberal.ca"}]}, "description": {"urls": []}}, "location": "Delta, BC", "verified": true, "following": false, "protected": false, "time_zone": null, "created_at": "Fri Oct 31 03:02:38 +0000 2014", "utc_offset": null, "description": "MP for Delta. Minister of Employment, Workforce Dev. & Disability Inclusion/Ministre de l\u2019Emploi, D\u00e9v. de la main-d\u2019\u0153uvre & Inclusion des personnes handicap\u00e9es", "geo_enabled": true, "screen_name": "CQualtro", "listed_count": 399, "friends_count": 1567, "is_translator": false, "notifications": false, "statuses_count": 7638, "default_profile": false, "followers_count": 21950, "translator_type": "none", "favourites_count": 8272, "profile_image_url": "http://pbs.twimg.com/profile_images/1173018851241426945/1ASfZbqr_normal.jpg", "profile_banner_url": "https://pbs.twimg.com/profile_banners/2852899113/1585679434", "profile_link_color": "3B94D9", "profile_text_color": "000000", "follow_request_sent": false, "contributors_enabled": false, "has_extended_profile": false, "default_profile_image": false, "is_translation_enabled": false, "profile_background_tile": false, "profile_image_url_https": "https://pbs.twimg.com/profile_images/1173018851241426945/1ASfZbqr_normal.jpg", "profile_background_color": "000000", "profile_sidebar_fill_color": "000000", "profile_background_image_url": "http://abs.twimg.com/images/themes/theme1/bg.png", "profile_sidebar_border_color": "000000", "profile_use_background_image": false, "profile_background_image_url_https": "https://abs.twimg.com/images/themes/theme1/bg.png"}, "place": null, "id_str": "1267127470505025543", "source": "<a href=\"http://twitter.com/download/iphone\" rel=\"nofollow\">Twitter for iPhone</a>", "entities": {"urls": [{"url": "https://t.co/cRhNOp2oMW", "indices": [117, 140], "display_url": "twitter.com/i/web/status/1\u2026", "expanded_url": "https://twitter.com/i/web/status/1267127470505025543"}], "symbols": [], "hashtags": [{"text": "accessibilit\u00e9", "indices": [61, 75]}], "user_mentions": []}, "favorited": false, "retweeted": false, "truncated": true, "created_at": "Sun May 31 16:15:05 +0000 2020", "coordinates": null, "contributors": null, "quoted_status": {"id": 1267107924939362304, "geo": null, "lang": "fr", "text": "La Semaine nationale de l\u2019#Accessibilit\u00e9 commence! Ensemble, continuons de passer \u00e0 l\u2019action afin de b\u00e2tir un Canad\u2026 https://t.co/CMEiM6642w", "user": {"id": 742794999620874240, "url": "https://t.co/OyU6h3nheK", "lang": null, "name": "Canada Accessible", "id_str": "742794999620874240", "entities": {"url": {"urls": [{"url": "https://t.co/OyU6h3nheK", "indices": [0, 23], "display_url": "Canada.ca/Canada-Accessi\u2026", "expanded_url": "http://Canada.ca/Canada-Accessible"}]}, "description": {"urls": [{"url": "https://t.co/FpTWAgTCyt", "indices": [113, 136], "display_url": "ow.ly/pF0X3090tEp", "expanded_url": "http://ow.ly/pF0X3090tEp"}]}}, "location": "Canada", "verified": true, "following": false, "protected": false, "time_zone": null, "created_at": "Tue Jun 14 19:05:03 +0000 2016", "utc_offset": null, "description": "Info sur les programmes services & initiatives du GC sur l\u2019accessibilit\u00e9 & les personnes avec un handicap. Avis: https://t.co/FpTWAgTCyt English: @AccessibleGC", "geo_enabled": true, "screen_name": "GCAccessible", "listed_count": 28, "friends_count": 155, "is_translator": false, "notifications": false, "statuses_count": 1326, "default_profile": true, "followers_count": 1783, "translator_type": "none", "favourites_count": 56, "profile_image_url": "http://pbs.twimg.com/profile_images/876887203099668482/DaG-q1zp_normal.jpg", "profile_banner_url": "https://pbs.twimg.com/profile_banners/742794999620874240/1591627837", "profile_link_color": "1DA1F2", "profile_text_color": "333333", "follow_request_sent": false, "contributors_enabled": false, "has_extended_profile": true, "default_profile_image": false, "is_translation_enabled": false, "profile_background_tile": false, "profile_image_url_https": "https://pbs.twimg.com/profile_images/876887203099668482/DaG-q1zp_normal.jpg", "profile_background_color": "F5F8FA", "profile_sidebar_fill_color": "DDEEF6", "profile_background_image_url": null, "profile_sidebar_border_color": "C0DEED", "profile_use_background_image": true, "profile_background_image_url_https": null}, "place": null, "id_str": "1267107924939362304", "source": "<a href=\"https://mobile.twitter.com\" rel=\"nofollow\">Twitter Web App</a>", "entities": {"urls": [{"url": "https://t.co/CMEiM6642w", "indices": [117, 140], "display_url": "twitter.com/i/web/status/1\u2026", "expanded_url": "https://twitter.com/i/web/status/1267107924939362304"}], "symbols": [], "hashtags": [{"text": "Accessibilit\u00e9", "indices": [26, 40]}], "user_mentions": []}, "favorited": false, "retweeted": false, "truncated": true, "created_at": "Sun May 31 14:57:25 +0000 2020", "coordinates": null, "contributors": null, "retweet_count": 63, "favorite_count": 45, "is_quote_status": false, "possibly_sensitive": false, "in_reply_to_user_id": null, "in_reply_to_status_id": null, "in_reply_to_screen_name": null, "in_reply_to_user_id_str": null, "in_reply_to_status_id_str": null}, "retweet_count": 25, "favorite_count": 123, "is_quote_status": true, "quoted_status_id": 1267107924939362304, "possibly_sensitive": false, "in_reply_to_user_id": null, "quoted_status_id_str": "1267107924939362304", "in_reply_to_status_id": null, "in_reply_to_screen_name": null, "in_reply_to_user_id_str": null, "in_reply_to_status_id_str": null}, "in_reply_to_user_id": null, "quoted_status_id_str": "1267107924939362304", "in_reply_to_status_id": null, "in_reply_to_screen_name": null, "in_reply_to_user_id_str": null, "in_reply_to_status_id_str": null}