{"id": 1235215748018196480, "geo": null, "lang": "fr", "text": "RT @PMcanadien: En direct: le premier ministre Justin Trudeau prend la parole \u00e0 Saint-J\u00e9r\u00f4me, au Qu\u00e9bec. https://t.co/PdFOFNvXbb https://t.\u2026", "user": {"id": 14260960, "url": "https://t.co/NJdKCDAm9d", "lang": null, "name": "Justin Trudeau", "id_str": "14260960", "entities": {"url": {"urls": [{"url": "https://t.co/NJdKCDAm9d", "indices": [0, 23], "display_url": "pm.gc.ca", "expanded_url": "https://pm.gc.ca/"}]}, "description": {"urls": []}}, "location": "Papineau", "verified": true, "following": true, "protected": false, "time_zone": null, "created_at": "Sun Mar 30 21:04:14 +0000 2008", "utc_offset": null, "description": "Father, husband, 23rd Prime Minister of Canada. Account run by PM & staff.\nPapa, mari, 23e premier ministre du Canada. Compte g\u00e9r\u00e9 par le PM et son personnel.", "geo_enabled": true, "screen_name": "JustinTrudeau", "listed_count": 14050, "friends_count": 950, "is_translator": false, "notifications": false, "statuses_count": 27386, "default_profile": false, "followers_count": 4712028, "translator_type": "none", "favourites_count": 111, "profile_image_url": "http://pbs.twimg.com/profile_images/1188901535851388929/_9nGMr9S_normal.jpg", "profile_banner_url": "https://pbs.twimg.com/profile_banners/14260960/1572291191", "profile_link_color": "B50000", "profile_text_color": "000000", "follow_request_sent": false, "contributors_enabled": false, "has_extended_profile": false, "default_profile_image": false, "is_translation_enabled": false, "profile_background_tile": false, "profile_image_url_https": "https://pbs.twimg.com/profile_images/1188901535851388929/_9nGMr9S_normal.jpg", "profile_background_color": "DBDCDD", "profile_sidebar_fill_color": "B80B0B", "profile_background_image_url": "http://abs.twimg.com/images/themes/theme1/bg.png", "profile_sidebar_border_color": "FFFFFF", "profile_use_background_image": false, "profile_background_image_url_https": "https://abs.twimg.com/images/themes/theme1/bg.png"}, "place": null, "id_str": "1235215748018196480", "source": "<a href=\"https://mobile.twitter.com\" rel=\"nofollow\">Twitter Web App</a>", "entities": {"urls": [{"url": "https://t.co/PdFOFNvXbb", "indices": [105, 128], "display_url": "ow.ly/he7L50yCEVt", "expanded_url": "http://ow.ly/he7L50yCEVt"}], "symbols": [], "hashtags": [], "user_mentions": [{"id": 14713836, "name": "PMcanadien", "id_str": "14713836", "indices": [3, 14], "screen_name": "PMcanadien"}]}, "favorited": false, "retweeted": false, "truncated": false, "created_at": "Wed Mar 04 14:49:18 +0000 2020", "coordinates": null, "contributors": null, "retweet_count": 20, "favorite_count": 0, "is_quote_status": false, "retweeted_status": {"id": 1235215638928461827, "geo": null, "lang": "fr", "text": "En direct: le premier ministre Justin Trudeau prend la parole \u00e0 Saint-J\u00e9r\u00f4me, au Qu\u00e9bec. https://t.co/PdFOFNvXbb https://t.co/7IsUJTBchm", "user": {"id": 14713836, "url": "http://t.co/d4HxX461yg", "lang": null, "name": "PMcanadien", "id_str": "14713836", "entities": {"url": {"urls": [{"url": "http://t.co/d4HxX461yg", "indices": [0, 22], "display_url": "pm.gc.ca", "expanded_url": "http://www.pm.gc.ca"}]}, "description": {"urls": [{"url": "https://t.co/Y5qMWvDOhl", "indices": [84, 107], "display_url": "ow.ly/QIbv50wn5E1", "expanded_url": "http://ow.ly/QIbv50wn5E1"}]}}, "location": "Ottawa (Ontario) Canada", "verified": true, "following": false, "protected": false, "time_zone": null, "created_at": "Fri May 09 14:30:00 +0000 2008", "utc_offset": null, "description": "Compte Twitter officiel de Justin Trudeau, premier ministre du Canada \u2013 Conditions: https://t.co/Y5qMWvDOhl \u2013 English: @CanadianPM", "geo_enabled": false, "screen_name": "PMcanadien", "listed_count": 317, "friends_count": 943, "is_translator": false, "notifications": false, "statuses_count": 5726, "default_profile": false, "followers_count": 20174, "translator_type": "none", "favourites_count": 35, "profile_image_url": "http://pbs.twimg.com/profile_images/877228787380965377/_pWcK9AO_normal.jpg", "profile_banner_url": "https://pbs.twimg.com/profile_banners/14713836/1576615778", "profile_link_color": "0000FF", "profile_text_color": "000000", "follow_request_sent": false, "contributors_enabled": false, "has_extended_profile": false, "default_profile_image": false, "is_translation_enabled": false, "profile_background_tile": false, "profile_image_url_https": "https://pbs.twimg.com/profile_images/877228787380965377/_pWcK9AO_normal.jpg", "profile_background_color": "00124B", "profile_sidebar_fill_color": "91D4FF", "profile_background_image_url": "http://abs.twimg.com/images/themes/theme1/bg.png", "profile_sidebar_border_color": "000000", "profile_use_background_image": true, "profile_background_image_url_https": "https://abs.twimg.com/images/themes/theme1/bg.png"}, "place": null, "id_str": "1235215638928461827", "source": "<a href=\"https://mobile.twitter.com\" rel=\"nofollow\">Twitter Web App</a>", "entities": {"urls": [{"url": "https://t.co/PdFOFNvXbb", "indices": [89, 112], "display_url": "ow.ly/he7L50yCEVt", "expanded_url": "http://ow.ly/he7L50yCEVt"}], "media": [{"id": 1235214316271529985, "url": "https://t.co/7IsUJTBchm", "type": "photo", "sizes": {"large": {"h": 675, "w": 1200, "resize": "fit"}, "small": {"h": 383, "w": 680, "resize": "fit"}, "thumb": {"h": 150, "w": 150, "resize": "crop"}, "medium": {"h": 675, "w": 1200, "resize": "fit"}}, "id_str": "1235214316271529985", "indices": [113, 136], "media_url": "http://pbs.twimg.com/media/ESRc4E7XcAE-sfA.jpg", "display_url": "pic.twitter.com/7IsUJTBchm", "expanded_url": "https://twitter.com/PMcanadien/status/1235215638928461827/photo/1", "media_url_https": "https://pbs.twimg.com/media/ESRc4E7XcAE-sfA.jpg"}], "symbols": [], "hashtags": [], "user_mentions": []}, "favorited": false, "retweeted": false, "truncated": false, "created_at": "Wed Mar 04 14:48:52 +0000 2020", "coordinates": null, "contributors": null, "retweet_count": 20, "favorite_count": 77, "is_quote_status": false, "extended_entities": {"media": [{"id": 1235214316271529985, "url": "https://t.co/7IsUJTBchm", "type": "photo", "sizes": {"large": {"h": 675, "w": 1200, "resize": "fit"}, "small": {"h": 383, "w": 680, "resize": "fit"}, "thumb": {"h": 150, "w": 150, "resize": "crop"}, "medium": {"h": 675, "w": 1200, "resize": "fit"}}, "id_str": "1235214316271529985", "indices": [113, 136], "media_url": "http://pbs.twimg.com/media/ESRc4E7XcAE-sfA.jpg", "display_url": "pic.twitter.com/7IsUJTBchm", "expanded_url": "https://twitter.com/PMcanadien/status/1235215638928461827/photo/1", "media_url_https": "https://pbs.twimg.com/media/ESRc4E7XcAE-sfA.jpg"}]}, "possibly_sensitive": false, "in_reply_to_user_id": null, "in_reply_to_status_id": null, "in_reply_to_screen_name": null, "in_reply_to_user_id_str": null, "in_reply_to_status_id_str": null}, "possibly_sensitive": false, "in_reply_to_user_id": null, "in_reply_to_status_id": null, "in_reply_to_screen_name": null, "in_reply_to_user_id_str": null, "in_reply_to_status_id_str": null}